{"id":2399,"date":"2023-03-17T13:40:42","date_gmt":"2023-03-17T12:40:42","guid":{"rendered":"http:\/\/new.prehrada-pastviny.cz\/cs\/povodi-labe-statni-podnik-porada-dny-otevrenych-dveri-2023\/"},"modified":"2023-03-29T09:39:49","modified_gmt":"2023-03-29T07:39:49","slug":"povodi-labe-statni-podnik-porada-dny-otevrenych-dveri-2023","status":"publish","type":"post","link":"https:\/\/prehrada-pastviny.cz\/cs\/povodi-labe-statni-podnik-porada-dny-otevrenych-dveri-2023\/","title":{"rendered":"Objevte tajemstv\u00ed p\u0159ehrady Pastviny"},"content":{"rendered":"<!--themify_builder_content-->\n<div id=\"themify_builder_content-2399\" data-postid=\"2399\" class=\"themify_builder_content themify_builder_content-2399 themify_builder tf_clear\">\n                    <div  data-lazy=\"1\" class=\"module_row themify_builder_row tb_31ac623 tb_first tf_w\">\n                        <div class=\"row_inner col_align_top tb_col_count_1 tf_box tf_rel\">\n                        <div  data-lazy=\"1\" class=\"module_column tb-column col-full tb_9ka8625 first\">\n                    <!-- module text -->\n<div  class=\"module module-text tb_8fwn962   \" data-lazy=\"1\">\n        <div  class=\"tb_text_wrap\">\n        <h1><span class=\"x193iq5w xeuugli x13faqbe x1vvkbs x10flsy6 x1lliihq x1s928wv xhkezso x1gmr53x x1cpjm7i x1fgarty x1943h6x x4zkp8e x41vudc x6prxxf xvq8zen xo1l8bm xzsf02u x1yc453h\" dir=\"auto\">Objevte tajemstv\u00ed p\u0159ehrady Pastviny.<\/span><\/h1>\n<p><span class=\"x193iq5w xeuugli x13faqbe x1vvkbs x10flsy6 x1lliihq x1s928wv xhkezso x1gmr53x x1cpjm7i x1fgarty x1943h6x x4zkp8e x41vudc x6prxxf xvq8zen xo1l8bm xzsf02u x1yc453h\" dir=\"auto\">\u00a0Tato p\u0159\u00edle\u017eitost nen\u00ed ka\u017ed\u00fd den a jedn\u00e1 se o unik\u00e1tn\u00ed z\u00e1\u017eitek. V b\u0159eznu oslav\u00ed vodohospod\u00e1\u0159i spolu se \u0161irokou ve\u0159ejnost\u00ed Sv\u011btov\u00fd den vody. <a href=\"https:\/\/www.pla.cz\">Povod\u00ed Labe<\/a> po\u0159\u00e1d\u00e1 p\u0159i t\u00e9to p\u0159\u00edle\u017eitosti v sobotu 29.dubna 2023 od 9 do 14 hodin den otev\u0159en\u00fdch dve\u0159\u00ed na vodn\u00edm d\u00edle Pastviny a zve v\u0161echny z\u00e1jemce k n\u00e1v\u0161t\u011bv\u011b. Prohl\u00eddka s v\u00fdkladem ka\u017edou celou hodinu, posledn\u00ed ve 14 hodin &#8211; zah\u00e1jen\u00ed na korun\u011b hr\u00e1ze, doporu\u010dujeme pevnou obuv, nevhodn\u00e9 pro ko\u010d\u00e1rky.<\/span><\/p>    <\/div>\n<\/div>\n<!-- \/module text --><!-- module image -->\n<div  class=\"module module-image tb_sk7s266 image-top   tf_mw\" data-lazy=\"1\">\n        <div class=\"image-wrap tf_rel tf_mw\">\n            <img loading=\"lazy\" decoding=\"async\" width=\"633\" height=\"895\" src=\"https:\/\/prehrada-pastviny.cz\/wp-content\/uploads\/2023\/03\/hraz_pastviny.jpg\" class=\"wp-post-image wp-image-2516\" title=\"hraz_pastviny\" alt=\"hraz_pastviny\" srcset=\"https:\/\/prehrada-pastviny.cz\/wp-content\/uploads\/2023\/03\/hraz_pastviny.jpg 633w, https:\/\/prehrada-pastviny.cz\/wp-content\/uploads\/2023\/03\/hraz_pastviny-212x300.jpg 212w\" sizes=\"auto, (max-width: 633px) 100vw, 633px\" \/>    \n        <\/div>\n    <!-- \/image-wrap -->\n    \n        <\/div>\n<!-- \/module image -->        <\/div>\n                        <\/div>\n        <\/div>\n        <\/div>\n<!--\/themify_builder_content-->","protected":false},"excerpt":{"rendered":"<p>Objevte tajemstv\u00ed p\u0159ehrady Pastviny. \u00a0Tato p\u0159\u00edle\u017eitost nen\u00ed ka\u017ed\u00fd den a jedn\u00e1 se o unik\u00e1tn\u00ed z\u00e1\u017eitek. V b\u0159eznu oslav\u00ed vodohospod\u00e1\u0159i spolu se \u0161irokou ve\u0159ejnost\u00ed Sv\u011btov\u00fd den vody. Povod\u00ed Labe po\u0159\u00e1d\u00e1 p\u0159i t\u00e9to p\u0159\u00edle\u017eitosti v sobotu 29.dubna 2023 od 9 do 14 hodin den otev\u0159en\u00fdch dve\u0159\u00ed na vodn\u00edm d\u00edle Pastviny a zve v\u0161echny z\u00e1jemce k n\u00e1v\u0161t\u011bv\u011b. Prohl\u00eddka [&hellip;]<\/p>\n","protected":false},"author":1,"featured_media":2516,"comment_status":"open","ping_status":"open","sticky":false,"template":"","format":"standard","meta":{"_acf_changed":false,"footnotes":""},"categories":[103],"tags":[],"doprava":[],"class_list":["post-2399","post","type-post","status-publish","format-standard","has-post-thumbnail","hentry","category-akce-okoli-pastviny","has-post-title","has-post-date","has-post-category","has-post-tag","has-post-comment","has-post-author",""],"acf":[],"yoast_head":"<!-- This site is optimized with the Yoast SEO plugin v27.4 - https:\/\/yoast.com\/product\/yoast-seo-wordpress\/ -->\n<title>Objevte tajemstv\u00ed p\u0159ehrady Pastviny | P\u0159ehrada Pastviny<\/title>\n<meta name=\"robots\" content=\"index, follow, max-snippet:-1, max-image-preview:large, max-video-preview:-1\" \/>\n<link rel=\"canonical\" href=\"https:\/\/prehrada-pastviny.cz\/cs\/povodi-labe-statni-podnik-porada-dny-otevrenych-dveri-2023\/\" \/>\n<meta property=\"og:locale\" content=\"cs_CZ\" \/>\n<meta property=\"og:type\" content=\"article\" \/>\n<meta property=\"og:title\" content=\"Objevte tajemstv\u00ed p\u0159ehrady Pastviny | P\u0159ehrada Pastviny\" \/>\n<meta property=\"og:description\" content=\"Objevte tajemstv\u00ed p\u0159ehrady Pastviny. \u00a0Tato p\u0159\u00edle\u017eitost nen\u00ed ka\u017ed\u00fd den a jedn\u00e1 se o unik\u00e1tn\u00ed z\u00e1\u017eitek. V b\u0159eznu oslav\u00ed vodohospod\u00e1\u0159i spolu se \u0161irokou ve\u0159ejnost\u00ed Sv\u011btov\u00fd den vody. Povod\u00ed Labe po\u0159\u00e1d\u00e1 p\u0159i t\u00e9to p\u0159\u00edle\u017eitosti v sobotu 29.dubna 2023 od 9 do 14 hodin den otev\u0159en\u00fdch dve\u0159\u00ed na vodn\u00edm d\u00edle Pastviny a zve v\u0161echny z\u00e1jemce k n\u00e1v\u0161t\u011bv\u011b. Prohl\u00eddka [&hellip;]\" \/>\n<meta property=\"og:url\" content=\"https:\/\/prehrada-pastviny.cz\/cs\/povodi-labe-statni-podnik-porada-dny-otevrenych-dveri-2023\/\" \/>\n<meta property=\"og:site_name\" content=\"P\u0159ehrada Pastviny\" \/>\n<meta property=\"article:publisher\" content=\"https:\/\/www.facebook.com\/pastviny\" \/>\n<meta property=\"article:published_time\" content=\"2023-03-17T12:40:42+00:00\" \/>\n<meta property=\"article:modified_time\" content=\"2023-03-29T07:39:49+00:00\" \/>\n<meta property=\"og:image\" content=\"https:\/\/prehrada-pastviny.cz\/wp-content\/uploads\/2023\/03\/hraz_pastviny.jpg\" \/>\n\t<meta property=\"og:image:width\" content=\"633\" \/>\n\t<meta property=\"og:image:height\" content=\"895\" \/>\n\t<meta property=\"og:image:type\" content=\"image\/jpeg\" \/>\n<meta name=\"author\" content=\"Pastviny\" \/>\n<meta name=\"twitter:card\" content=\"summary_large_image\" \/>\n<meta name=\"twitter:label1\" content=\"Napsal(a)\" \/>\n\t<meta name=\"twitter:data1\" content=\"Pastviny\" \/>\n\t<meta name=\"twitter:label2\" content=\"Odhadovan\u00e1 doba \u010dten\u00ed\" \/>\n\t<meta name=\"twitter:data2\" content=\"1 minuta\" \/>\n<script type=\"application\/ld+json\" class=\"yoast-schema-graph\">{\"@context\":\"https:\\\/\\\/schema.org\",\"@graph\":[{\"@type\":\"Article\",\"@id\":\"https:\\\/\\\/prehrada-pastviny.cz\\\/cs\\\/povodi-labe-statni-podnik-porada-dny-otevrenych-dveri-2023\\\/#article\",\"isPartOf\":{\"@id\":\"https:\\\/\\\/prehrada-pastviny.cz\\\/cs\\\/povodi-labe-statni-podnik-porada-dny-otevrenych-dveri-2023\\\/\"},\"author\":{\"name\":\"Pastviny\",\"@id\":\"https:\\\/\\\/prehrada-pastviny.cz\\\/cs\\\/#\\\/schema\\\/person\\\/2b6eb9cef66e282429eac65610d418f4\"},\"headline\":\"Objevte tajemstv\u00ed p\u0159ehrady Pastviny\",\"datePublished\":\"2023-03-17T12:40:42+00:00\",\"dateModified\":\"2023-03-29T07:39:49+00:00\",\"mainEntityOfPage\":{\"@id\":\"https:\\\/\\\/prehrada-pastviny.cz\\\/cs\\\/povodi-labe-statni-podnik-porada-dny-otevrenych-dveri-2023\\\/\"},\"wordCount\":107,\"commentCount\":0,\"image\":{\"@id\":\"https:\\\/\\\/prehrada-pastviny.cz\\\/cs\\\/povodi-labe-statni-podnik-porada-dny-otevrenych-dveri-2023\\\/#primaryimage\"},\"thumbnailUrl\":\"https:\\\/\\\/prehrada-pastviny.cz\\\/wp-content\\\/uploads\\\/2023\\\/03\\\/hraz_pastviny.jpg\",\"articleSection\":[\"Akce v okol\u00ed Pastviny\"],\"inLanguage\":\"cs\",\"potentialAction\":[{\"@type\":\"CommentAction\",\"name\":\"Comment\",\"target\":[\"https:\\\/\\\/prehrada-pastviny.cz\\\/cs\\\/povodi-labe-statni-podnik-porada-dny-otevrenych-dveri-2023\\\/#respond\"]}]},{\"@type\":\"WebPage\",\"@id\":\"https:\\\/\\\/prehrada-pastviny.cz\\\/cs\\\/povodi-labe-statni-podnik-porada-dny-otevrenych-dveri-2023\\\/\",\"url\":\"https:\\\/\\\/prehrada-pastviny.cz\\\/cs\\\/povodi-labe-statni-podnik-porada-dny-otevrenych-dveri-2023\\\/\",\"name\":\"Objevte tajemstv\u00ed p\u0159ehrady Pastviny | P\u0159ehrada Pastviny\",\"isPartOf\":{\"@id\":\"https:\\\/\\\/prehrada-pastviny.cz\\\/cs\\\/#website\"},\"primaryImageOfPage\":{\"@id\":\"https:\\\/\\\/prehrada-pastviny.cz\\\/cs\\\/povodi-labe-statni-podnik-porada-dny-otevrenych-dveri-2023\\\/#primaryimage\"},\"image\":{\"@id\":\"https:\\\/\\\/prehrada-pastviny.cz\\\/cs\\\/povodi-labe-statni-podnik-porada-dny-otevrenych-dveri-2023\\\/#primaryimage\"},\"thumbnailUrl\":\"https:\\\/\\\/prehrada-pastviny.cz\\\/wp-content\\\/uploads\\\/2023\\\/03\\\/hraz_pastviny.jpg\",\"datePublished\":\"2023-03-17T12:40:42+00:00\",\"dateModified\":\"2023-03-29T07:39:49+00:00\",\"author\":{\"@id\":\"https:\\\/\\\/prehrada-pastviny.cz\\\/cs\\\/#\\\/schema\\\/person\\\/2b6eb9cef66e282429eac65610d418f4\"},\"breadcrumb\":{\"@id\":\"https:\\\/\\\/prehrada-pastviny.cz\\\/cs\\\/povodi-labe-statni-podnik-porada-dny-otevrenych-dveri-2023\\\/#breadcrumb\"},\"inLanguage\":\"cs\",\"potentialAction\":[{\"@type\":\"ReadAction\",\"target\":[\"https:\\\/\\\/prehrada-pastviny.cz\\\/cs\\\/povodi-labe-statni-podnik-porada-dny-otevrenych-dveri-2023\\\/\"]}]},{\"@type\":\"ImageObject\",\"inLanguage\":\"cs\",\"@id\":\"https:\\\/\\\/prehrada-pastviny.cz\\\/cs\\\/povodi-labe-statni-podnik-porada-dny-otevrenych-dveri-2023\\\/#primaryimage\",\"url\":\"https:\\\/\\\/prehrada-pastviny.cz\\\/wp-content\\\/uploads\\\/2023\\\/03\\\/hraz_pastviny.jpg\",\"contentUrl\":\"https:\\\/\\\/prehrada-pastviny.cz\\\/wp-content\\\/uploads\\\/2023\\\/03\\\/hraz_pastviny.jpg\",\"width\":633,\"height\":895},{\"@type\":\"BreadcrumbList\",\"@id\":\"https:\\\/\\\/prehrada-pastviny.cz\\\/cs\\\/povodi-labe-statni-podnik-porada-dny-otevrenych-dveri-2023\\\/#breadcrumb\",\"itemListElement\":[{\"@type\":\"ListItem\",\"position\":1,\"name\":\"Dom\u016f\",\"item\":\"https:\\\/\\\/prehrada-pastviny.cz\\\/cs\\\/\"},{\"@type\":\"ListItem\",\"position\":2,\"name\":\"Objevte tajemstv\u00ed p\u0159ehrady Pastviny\"}]},{\"@type\":\"WebSite\",\"@id\":\"https:\\\/\\\/prehrada-pastviny.cz\\\/cs\\\/#website\",\"url\":\"https:\\\/\\\/prehrada-pastviny.cz\\\/cs\\\/\",\"name\":\"P\u0159ehrada Pastviny\",\"description\":\"Pastvinsk\u00e1 P\u0159ehrada\",\"alternateName\":\"Pastvinsk\u00e1 p\u0159ehrada\",\"potentialAction\":[{\"@type\":\"SearchAction\",\"target\":{\"@type\":\"EntryPoint\",\"urlTemplate\":\"https:\\\/\\\/prehrada-pastviny.cz\\\/cs\\\/?s={search_term_string}\"},\"query-input\":{\"@type\":\"PropertyValueSpecification\",\"valueRequired\":true,\"valueName\":\"search_term_string\"}}],\"inLanguage\":\"cs\"},{\"@type\":\"Person\",\"@id\":\"https:\\\/\\\/prehrada-pastviny.cz\\\/cs\\\/#\\\/schema\\\/person\\\/2b6eb9cef66e282429eac65610d418f4\",\"name\":\"Pastviny\",\"image\":{\"@type\":\"ImageObject\",\"inLanguage\":\"cs\",\"@id\":\"https:\\\/\\\/secure.gravatar.com\\\/avatar\\\/8e12bbc781f8319ea973f05d53f49003240147986038ed2d6109aa077b02f7ad?s=96&d=mm&r=g\",\"url\":\"https:\\\/\\\/secure.gravatar.com\\\/avatar\\\/8e12bbc781f8319ea973f05d53f49003240147986038ed2d6109aa077b02f7ad?s=96&d=mm&r=g\",\"contentUrl\":\"https:\\\/\\\/secure.gravatar.com\\\/avatar\\\/8e12bbc781f8319ea973f05d53f49003240147986038ed2d6109aa077b02f7ad?s=96&d=mm&r=g\",\"caption\":\"Pastviny\"},\"sameAs\":[\"http:\\\/\\\/new.prehrada-pastviny.cz\"],\"url\":\"https:\\\/\\\/prehrada-pastviny.cz\\\/cs\\\/author\\\/pastviny\\\/\"}]}<\/script>\n<!-- \/ Yoast SEO plugin. -->","yoast_head_json":{"title":"Objevte tajemstv\u00ed p\u0159ehrady Pastviny | P\u0159ehrada Pastviny","robots":{"index":"index","follow":"follow","max-snippet":"max-snippet:-1","max-image-preview":"max-image-preview:large","max-video-preview":"max-video-preview:-1"},"canonical":"https:\/\/prehrada-pastviny.cz\/cs\/povodi-labe-statni-podnik-porada-dny-otevrenych-dveri-2023\/","og_locale":"cs_CZ","og_type":"article","og_title":"Objevte tajemstv\u00ed p\u0159ehrady Pastviny | P\u0159ehrada Pastviny","og_description":"Objevte tajemstv\u00ed p\u0159ehrady Pastviny. \u00a0Tato p\u0159\u00edle\u017eitost nen\u00ed ka\u017ed\u00fd den a jedn\u00e1 se o unik\u00e1tn\u00ed z\u00e1\u017eitek. V b\u0159eznu oslav\u00ed vodohospod\u00e1\u0159i spolu se \u0161irokou ve\u0159ejnost\u00ed Sv\u011btov\u00fd den vody. Povod\u00ed Labe po\u0159\u00e1d\u00e1 p\u0159i t\u00e9to p\u0159\u00edle\u017eitosti v sobotu 29.dubna 2023 od 9 do 14 hodin den otev\u0159en\u00fdch dve\u0159\u00ed na vodn\u00edm d\u00edle Pastviny a zve v\u0161echny z\u00e1jemce k n\u00e1v\u0161t\u011bv\u011b. Prohl\u00eddka [&hellip;]","og_url":"https:\/\/prehrada-pastviny.cz\/cs\/povodi-labe-statni-podnik-porada-dny-otevrenych-dveri-2023\/","og_site_name":"P\u0159ehrada Pastviny","article_publisher":"https:\/\/www.facebook.com\/pastviny","article_published_time":"2023-03-17T12:40:42+00:00","article_modified_time":"2023-03-29T07:39:49+00:00","og_image":[{"width":633,"height":895,"url":"https:\/\/prehrada-pastviny.cz\/wp-content\/uploads\/2023\/03\/hraz_pastviny.jpg","type":"image\/jpeg"}],"author":"Pastviny","twitter_card":"summary_large_image","twitter_misc":{"Napsal(a)":"Pastviny","Odhadovan\u00e1 doba \u010dten\u00ed":"1 minuta"},"schema":{"@context":"https:\/\/schema.org","@graph":[{"@type":"Article","@id":"https:\/\/prehrada-pastviny.cz\/cs\/povodi-labe-statni-podnik-porada-dny-otevrenych-dveri-2023\/#article","isPartOf":{"@id":"https:\/\/prehrada-pastviny.cz\/cs\/povodi-labe-statni-podnik-porada-dny-otevrenych-dveri-2023\/"},"author":{"name":"Pastviny","@id":"https:\/\/prehrada-pastviny.cz\/cs\/#\/schema\/person\/2b6eb9cef66e282429eac65610d418f4"},"headline":"Objevte tajemstv\u00ed p\u0159ehrady Pastviny","datePublished":"2023-03-17T12:40:42+00:00","dateModified":"2023-03-29T07:39:49+00:00","mainEntityOfPage":{"@id":"https:\/\/prehrada-pastviny.cz\/cs\/povodi-labe-statni-podnik-porada-dny-otevrenych-dveri-2023\/"},"wordCount":107,"commentCount":0,"image":{"@id":"https:\/\/prehrada-pastviny.cz\/cs\/povodi-labe-statni-podnik-porada-dny-otevrenych-dveri-2023\/#primaryimage"},"thumbnailUrl":"https:\/\/prehrada-pastviny.cz\/wp-content\/uploads\/2023\/03\/hraz_pastviny.jpg","articleSection":["Akce v okol\u00ed Pastviny"],"inLanguage":"cs","potentialAction":[{"@type":"CommentAction","name":"Comment","target":["https:\/\/prehrada-pastviny.cz\/cs\/povodi-labe-statni-podnik-porada-dny-otevrenych-dveri-2023\/#respond"]}]},{"@type":"WebPage","@id":"https:\/\/prehrada-pastviny.cz\/cs\/povodi-labe-statni-podnik-porada-dny-otevrenych-dveri-2023\/","url":"https:\/\/prehrada-pastviny.cz\/cs\/povodi-labe-statni-podnik-porada-dny-otevrenych-dveri-2023\/","name":"Objevte tajemstv\u00ed p\u0159ehrady Pastviny | P\u0159ehrada Pastviny","isPartOf":{"@id":"https:\/\/prehrada-pastviny.cz\/cs\/#website"},"primaryImageOfPage":{"@id":"https:\/\/prehrada-pastviny.cz\/cs\/povodi-labe-statni-podnik-porada-dny-otevrenych-dveri-2023\/#primaryimage"},"image":{"@id":"https:\/\/prehrada-pastviny.cz\/cs\/povodi-labe-statni-podnik-porada-dny-otevrenych-dveri-2023\/#primaryimage"},"thumbnailUrl":"https:\/\/prehrada-pastviny.cz\/wp-content\/uploads\/2023\/03\/hraz_pastviny.jpg","datePublished":"2023-03-17T12:40:42+00:00","dateModified":"2023-03-29T07:39:49+00:00","author":{"@id":"https:\/\/prehrada-pastviny.cz\/cs\/#\/schema\/person\/2b6eb9cef66e282429eac65610d418f4"},"breadcrumb":{"@id":"https:\/\/prehrada-pastviny.cz\/cs\/povodi-labe-statni-podnik-porada-dny-otevrenych-dveri-2023\/#breadcrumb"},"inLanguage":"cs","potentialAction":[{"@type":"ReadAction","target":["https:\/\/prehrada-pastviny.cz\/cs\/povodi-labe-statni-podnik-porada-dny-otevrenych-dveri-2023\/"]}]},{"@type":"ImageObject","inLanguage":"cs","@id":"https:\/\/prehrada-pastviny.cz\/cs\/povodi-labe-statni-podnik-porada-dny-otevrenych-dveri-2023\/#primaryimage","url":"https:\/\/prehrada-pastviny.cz\/wp-content\/uploads\/2023\/03\/hraz_pastviny.jpg","contentUrl":"https:\/\/prehrada-pastviny.cz\/wp-content\/uploads\/2023\/03\/hraz_pastviny.jpg","width":633,"height":895},{"@type":"BreadcrumbList","@id":"https:\/\/prehrada-pastviny.cz\/cs\/povodi-labe-statni-podnik-porada-dny-otevrenych-dveri-2023\/#breadcrumb","itemListElement":[{"@type":"ListItem","position":1,"name":"Dom\u016f","item":"https:\/\/prehrada-pastviny.cz\/cs\/"},{"@type":"ListItem","position":2,"name":"Objevte tajemstv\u00ed p\u0159ehrady Pastviny"}]},{"@type":"WebSite","@id":"https:\/\/prehrada-pastviny.cz\/cs\/#website","url":"https:\/\/prehrada-pastviny.cz\/cs\/","name":"P\u0159ehrada Pastviny","description":"Pastvinsk\u00e1 P\u0159ehrada","alternateName":"Pastvinsk\u00e1 p\u0159ehrada","potentialAction":[{"@type":"SearchAction","target":{"@type":"EntryPoint","urlTemplate":"https:\/\/prehrada-pastviny.cz\/cs\/?s={search_term_string}"},"query-input":{"@type":"PropertyValueSpecification","valueRequired":true,"valueName":"search_term_string"}}],"inLanguage":"cs"},{"@type":"Person","@id":"https:\/\/prehrada-pastviny.cz\/cs\/#\/schema\/person\/2b6eb9cef66e282429eac65610d418f4","name":"Pastviny","image":{"@type":"ImageObject","inLanguage":"cs","@id":"https:\/\/secure.gravatar.com\/avatar\/8e12bbc781f8319ea973f05d53f49003240147986038ed2d6109aa077b02f7ad?s=96&d=mm&r=g","url":"https:\/\/secure.gravatar.com\/avatar\/8e12bbc781f8319ea973f05d53f49003240147986038ed2d6109aa077b02f7ad?s=96&d=mm&r=g","contentUrl":"https:\/\/secure.gravatar.com\/avatar\/8e12bbc781f8319ea973f05d53f49003240147986038ed2d6109aa077b02f7ad?s=96&d=mm&r=g","caption":"Pastviny"},"sameAs":["http:\/\/new.prehrada-pastviny.cz"],"url":"https:\/\/prehrada-pastviny.cz\/cs\/author\/pastviny\/"}]}},"builder_content":"<h1>Objevte tajemstv\u00ed p\u0159ehrady Pastviny.<\/h1> <p>\u00a0Tato p\u0159\u00edle\u017eitost nen\u00ed ka\u017ed\u00fd den a jedn\u00e1 se o unik\u00e1tn\u00ed z\u00e1\u017eitek. V b\u0159eznu oslav\u00ed vodohospod\u00e1\u0159i spolu se \u0161irokou ve\u0159ejnost\u00ed Sv\u011btov\u00fd den vody. <a href=\"https:\/\/www.pla.cz\">Povod\u00ed Labe<\/a> po\u0159\u00e1d\u00e1 p\u0159i t\u00e9to p\u0159\u00edle\u017eitosti v sobotu 29.dubna 2023 od 9 do 14 hodin den otev\u0159en\u00fdch dve\u0159\u00ed na vodn\u00edm d\u00edle Pastviny a zve v\u0161echny z\u00e1jemce k n\u00e1v\u0161t\u011bv\u011b. Prohl\u00eddka s v\u00fdkladem ka\u017edou celou hodinu, posledn\u00ed ve 14 hodin - zah\u00e1jen\u00ed na korun\u011b hr\u00e1ze, doporu\u010dujeme pevnou obuv, nevhodn\u00e9 pro ko\u010d\u00e1rky.<\/p>\n<img src=\"https:\/\/prehrada-pastviny.cz\/wp-content\/uploads\/2023\/03\/hraz_pastviny.jpg\" title=\"hraz_pastviny\" alt=\"hraz_pastviny\" srcset=\"https:\/\/prehrada-pastviny.cz\/wp-content\/uploads\/2023\/03\/hraz_pastviny.jpg 633w, https:\/\/prehrada-pastviny.cz\/wp-content\/uploads\/2023\/03\/hraz_pastviny-212x300.jpg 212w\" sizes=\"(max-width: 633px) 100vw, 633px\" \/>","_links":{"self":[{"href":"https:\/\/prehrada-pastviny.cz\/cs\/wp-json\/wp\/v2\/posts\/2399","targetHints":{"allow":["GET"]}}],"collection":[{"href":"https:\/\/prehrada-pastviny.cz\/cs\/wp-json\/wp\/v2\/posts"}],"about":[{"href":"https:\/\/prehrada-pastviny.cz\/cs\/wp-json\/wp\/v2\/types\/post"}],"author":[{"embeddable":true,"href":"https:\/\/prehrada-pastviny.cz\/cs\/wp-json\/wp\/v2\/users\/1"}],"replies":[{"embeddable":true,"href":"https:\/\/prehrada-pastviny.cz\/cs\/wp-json\/wp\/v2\/comments?post=2399"}],"version-history":[{"count":47,"href":"https:\/\/prehrada-pastviny.cz\/cs\/wp-json\/wp\/v2\/posts\/2399\/revisions"}],"predecessor-version":[{"id":2662,"href":"https:\/\/prehrada-pastviny.cz\/cs\/wp-json\/wp\/v2\/posts\/2399\/revisions\/2662"}],"wp:featuredmedia":[{"embeddable":true,"href":"https:\/\/prehrada-pastviny.cz\/cs\/wp-json\/wp\/v2\/media\/2516"}],"wp:attachment":[{"href":"https:\/\/prehrada-pastviny.cz\/cs\/wp-json\/wp\/v2\/media?parent=2399"}],"wp:term":[{"taxonomy":"category","embeddable":true,"href":"https:\/\/prehrada-pastviny.cz\/cs\/wp-json\/wp\/v2\/categories?post=2399"},{"taxonomy":"post_tag","embeddable":true,"href":"https:\/\/prehrada-pastviny.cz\/cs\/wp-json\/wp\/v2\/tags?post=2399"},{"taxonomy":"doprava","embeddable":true,"href":"https:\/\/prehrada-pastviny.cz\/cs\/wp-json\/wp\/v2\/doprava?post=2399"}],"curies":[{"name":"wp","href":"https:\/\/api.w.org\/{rel}","templated":true}]}}