{"id":3140,"date":"2023-05-15T11:56:01","date_gmt":"2023-05-15T09:56:01","guid":{"rendered":"https:\/\/prehrada-pastviny.cz\/cs\/?p=3140"},"modified":"2023-05-15T15:38:47","modified_gmt":"2023-05-15T13:38:47","slug":"zavod-dracich-lodi-pastviny-2023","status":"publish","type":"post","link":"https:\/\/prehrada-pastviny.cz\/cs\/zavod-dracich-lodi-pastviny-2023\/","title":{"rendered":"Z\u00c1VOD DRA\u010c\u00cdCH LOD\u00cd Pastviny 2023"},"content":{"rendered":"<!--themify_builder_content-->\n<div id=\"themify_builder_content-3140\" data-postid=\"3140\" class=\"themify_builder_content themify_builder_content-3140 themify_builder tf_clear\">\n                    <div  data-lazy=\"1\" class=\"module_row themify_builder_row tb_lw9016 tb_first tf_w\">\n                        <div class=\"row_inner col_align_top tb_col_count_1 tf_box tf_rel\">\n                        <div  data-lazy=\"1\" class=\"module_column tb-column col-full tb_zx5z17 first\">\n                    <!-- module text -->\n<div  class=\"module module-text tb_18b1806   \" data-lazy=\"1\">\n        <div  class=\"tb_text_wrap\">\n        <div>\n<div>\n<h1>Dra\u010d\u00ed lod\u011b Pastviny 2023<\/h1>\n<p class=\"nadpis_prispevku\">Ski klub Pastviny po\u0159\u00e1d\u00e1 16. ro\u010dn\u00edk AMAT\u00c9RSK\u00c9HO Z\u00c1VODU DRA\u010c\u00cdCH LOD\u00cd NA PASTVIN\u00c1CH<\/p>\n<\/div>\n<\/div>\n<div>\n<div class=\"txt_prispevek\">\n<p><strong>V s<\/strong>obotu 12. strpna 2023<\/p>\n<p><strong>M\u00edsto z\u00e1vodu:<\/strong><\/p>\n<p>Pastvinsk\u00e1\u00a0p\u0159ehrada pod Restaurac\u00ed Na Pl\u00e1\u017ei<\/p>\n<p>V\u00edce informaci na: <a href=\"http:\/\/www.dracilodepastviny.cz\/\">www.dracilodepastviny.cz<\/a><\/p>\n<p>\u00a0<\/p>\n<p>\u00a0<\/p>\n<\/div>\n<\/div>    <\/div>\n<\/div>\n<!-- \/module text --><!-- module image -->\n<div  class=\"module module-image tb_5gl6725 image-top   tf_mw\" data-lazy=\"1\">\n        <div class=\"image-wrap tf_rel tf_mw\">\n            <img loading=\"lazy\" decoding=\"async\" width=\"1600\" height=\"1200\" src=\"https:\/\/prehrada-pastviny.cz\/wp-content\/uploads\/2023\/05\/draci-lode-pastviny.jpg\" class=\"wp-post-image wp-image-3141\" title=\"draci-lode-pastviny\" alt=\"draci-lode-pastviny\" srcset=\"https:\/\/prehrada-pastviny.cz\/wp-content\/uploads\/2023\/05\/draci-lode-pastviny.jpg 1600w, https:\/\/prehrada-pastviny.cz\/wp-content\/uploads\/2023\/05\/draci-lode-pastviny-300x225.jpg 300w, https:\/\/prehrada-pastviny.cz\/wp-content\/uploads\/2023\/05\/draci-lode-pastviny-1024x768.jpg 1024w, https:\/\/prehrada-pastviny.cz\/wp-content\/uploads\/2023\/05\/draci-lode-pastviny-768x576.jpg 768w, https:\/\/prehrada-pastviny.cz\/wp-content\/uploads\/2023\/05\/draci-lode-pastviny-1536x1152.jpg 1536w\" sizes=\"auto, (max-width: 1600px) 100vw, 1600px\" \/>    \n        <\/div>\n    <!-- \/image-wrap -->\n    \n        <\/div>\n<!-- \/module image -->        <\/div>\n                        <\/div>\n        <\/div>\n        <\/div>\n<!--\/themify_builder_content-->","protected":false},"excerpt":{"rendered":"<p>Dra\u010d\u00ed lod\u011b Pastviny 2023 Ski klub Pastviny po\u0159\u00e1d\u00e1 16. ro\u010dn\u00edk AMAT\u00c9RSK\u00c9HO Z\u00c1VODU DRA\u010c\u00cdCH LOD\u00cd NA PASTVIN\u00c1CH V sobotu 12. strpna 2023 M\u00edsto z\u00e1vodu: Pastvinsk\u00e1\u00a0p\u0159ehrada pod Restaurac\u00ed Na Pl\u00e1\u017ei V\u00edce informaci na: www.dracilodepastviny.cz \u00a0 \u00a0<\/p>\n","protected":false},"author":6,"featured_media":3141,"comment_status":"closed","ping_status":"closed","sticky":false,"template":"","format":"standard","meta":{"_acf_changed":false,"footnotes":""},"categories":[103],"tags":[],"doprava":[],"class_list":["post-3140","post","type-post","status-publish","format-standard","has-post-thumbnail","hentry","category-akce-okoli-pastviny","has-post-title","has-post-date","has-post-category","has-post-tag","has-post-comment","has-post-author",""],"acf":[],"yoast_head":"<!-- This site is optimized with the Yoast SEO plugin v27.4 - https:\/\/yoast.com\/product\/yoast-seo-wordpress\/ -->\n<title>Z\u00c1VOD DRA\u010c\u00cdCH LOD\u00cd Pastviny 2023 | P\u0159ehrada Pastviny<\/title>\n<meta name=\"description\" content=\"Dra\u010d\u00ed lod\u011b Pastviny 2023. Z\u00e1vod bude prob\u00edhat dne 12. strpna 2023. Pastvinsk\u00e1 p\u0159ehrada pod Restaurac\u00ed Na Pl\u00e1\u017ei.\" \/>\n<meta name=\"robots\" content=\"index, follow, max-snippet:-1, max-image-preview:large, max-video-preview:-1\" \/>\n<link rel=\"canonical\" href=\"https:\/\/prehrada-pastviny.cz\/cs\/zavod-dracich-lodi-pastviny-2023\/\" \/>\n<meta property=\"og:locale\" content=\"cs_CZ\" \/>\n<meta property=\"og:type\" content=\"article\" \/>\n<meta property=\"og:title\" content=\"Z\u00c1VOD DRA\u010c\u00cdCH LOD\u00cd Pastviny 2023 | P\u0159ehrada Pastviny\" \/>\n<meta property=\"og:description\" content=\"Dra\u010d\u00ed lod\u011b Pastviny 2023. Z\u00e1vod bude prob\u00edhat dne 12. strpna 2023. Pastvinsk\u00e1 p\u0159ehrada pod Restaurac\u00ed Na Pl\u00e1\u017ei.\" \/>\n<meta property=\"og:url\" content=\"https:\/\/prehrada-pastviny.cz\/cs\/zavod-dracich-lodi-pastviny-2023\/\" \/>\n<meta property=\"og:site_name\" content=\"P\u0159ehrada Pastviny\" \/>\n<meta property=\"article:publisher\" content=\"https:\/\/www.facebook.com\/pastviny\" \/>\n<meta property=\"article:published_time\" content=\"2023-05-15T09:56:01+00:00\" \/>\n<meta property=\"article:modified_time\" content=\"2023-05-15T13:38:47+00:00\" \/>\n<meta property=\"og:image\" content=\"https:\/\/prehrada-pastviny.cz\/wp-content\/uploads\/2023\/05\/draci-lode-pastviny.jpg\" \/>\n\t<meta property=\"og:image:width\" content=\"1600\" \/>\n\t<meta property=\"og:image:height\" content=\"1200\" \/>\n\t<meta property=\"og:image:type\" content=\"image\/jpeg\" \/>\n<meta name=\"author\" content=\"nitram\" \/>\n<meta name=\"twitter:card\" content=\"summary_large_image\" \/>\n<meta name=\"twitter:label1\" content=\"Napsal(a)\" \/>\n\t<meta name=\"twitter:data1\" content=\"nitram\" \/>\n<script type=\"application\/ld+json\" class=\"yoast-schema-graph\">{\"@context\":\"https:\\\/\\\/schema.org\",\"@graph\":[{\"@type\":\"Article\",\"@id\":\"https:\\\/\\\/prehrada-pastviny.cz\\\/cs\\\/zavod-dracich-lodi-pastviny-2023\\\/#article\",\"isPartOf\":{\"@id\":\"https:\\\/\\\/prehrada-pastviny.cz\\\/cs\\\/zavod-dracich-lodi-pastviny-2023\\\/\"},\"author\":{\"name\":\"nitram\",\"@id\":\"https:\\\/\\\/prehrada-pastviny.cz\\\/cs\\\/#\\\/schema\\\/person\\\/88091645a86dacafb2c02690f9986498\"},\"headline\":\"Z\u00c1VOD DRA\u010c\u00cdCH LOD\u00cd Pastviny 2023\",\"datePublished\":\"2023-05-15T09:56:01+00:00\",\"dateModified\":\"2023-05-15T13:38:47+00:00\",\"mainEntityOfPage\":{\"@id\":\"https:\\\/\\\/prehrada-pastviny.cz\\\/cs\\\/zavod-dracich-lodi-pastviny-2023\\\/\"},\"wordCount\":6,\"image\":{\"@id\":\"https:\\\/\\\/prehrada-pastviny.cz\\\/cs\\\/zavod-dracich-lodi-pastviny-2023\\\/#primaryimage\"},\"thumbnailUrl\":\"https:\\\/\\\/prehrada-pastviny.cz\\\/wp-content\\\/uploads\\\/2023\\\/05\\\/draci-lode-pastviny.jpg\",\"articleSection\":[\"Akce v okol\u00ed Pastviny\"],\"inLanguage\":\"cs\"},{\"@type\":\"WebPage\",\"@id\":\"https:\\\/\\\/prehrada-pastviny.cz\\\/cs\\\/zavod-dracich-lodi-pastviny-2023\\\/\",\"url\":\"https:\\\/\\\/prehrada-pastviny.cz\\\/cs\\\/zavod-dracich-lodi-pastviny-2023\\\/\",\"name\":\"Z\u00c1VOD DRA\u010c\u00cdCH LOD\u00cd Pastviny 2023 | P\u0159ehrada Pastviny\",\"isPartOf\":{\"@id\":\"https:\\\/\\\/prehrada-pastviny.cz\\\/cs\\\/#website\"},\"primaryImageOfPage\":{\"@id\":\"https:\\\/\\\/prehrada-pastviny.cz\\\/cs\\\/zavod-dracich-lodi-pastviny-2023\\\/#primaryimage\"},\"image\":{\"@id\":\"https:\\\/\\\/prehrada-pastviny.cz\\\/cs\\\/zavod-dracich-lodi-pastviny-2023\\\/#primaryimage\"},\"thumbnailUrl\":\"https:\\\/\\\/prehrada-pastviny.cz\\\/wp-content\\\/uploads\\\/2023\\\/05\\\/draci-lode-pastviny.jpg\",\"datePublished\":\"2023-05-15T09:56:01+00:00\",\"dateModified\":\"2023-05-15T13:38:47+00:00\",\"author\":{\"@id\":\"https:\\\/\\\/prehrada-pastviny.cz\\\/cs\\\/#\\\/schema\\\/person\\\/88091645a86dacafb2c02690f9986498\"},\"description\":\"Dra\u010d\u00ed lod\u011b Pastviny 2023. Z\u00e1vod bude prob\u00edhat dne 12. strpna 2023. Pastvinsk\u00e1 p\u0159ehrada pod Restaurac\u00ed Na Pl\u00e1\u017ei.\",\"breadcrumb\":{\"@id\":\"https:\\\/\\\/prehrada-pastviny.cz\\\/cs\\\/zavod-dracich-lodi-pastviny-2023\\\/#breadcrumb\"},\"inLanguage\":\"cs\",\"potentialAction\":[{\"@type\":\"ReadAction\",\"target\":[\"https:\\\/\\\/prehrada-pastviny.cz\\\/cs\\\/zavod-dracich-lodi-pastviny-2023\\\/\"]}]},{\"@type\":\"ImageObject\",\"inLanguage\":\"cs\",\"@id\":\"https:\\\/\\\/prehrada-pastviny.cz\\\/cs\\\/zavod-dracich-lodi-pastviny-2023\\\/#primaryimage\",\"url\":\"https:\\\/\\\/prehrada-pastviny.cz\\\/wp-content\\\/uploads\\\/2023\\\/05\\\/draci-lode-pastviny.jpg\",\"contentUrl\":\"https:\\\/\\\/prehrada-pastviny.cz\\\/wp-content\\\/uploads\\\/2023\\\/05\\\/draci-lode-pastviny.jpg\",\"width\":1600,\"height\":1200},{\"@type\":\"BreadcrumbList\",\"@id\":\"https:\\\/\\\/prehrada-pastviny.cz\\\/cs\\\/zavod-dracich-lodi-pastviny-2023\\\/#breadcrumb\",\"itemListElement\":[{\"@type\":\"ListItem\",\"position\":1,\"name\":\"Dom\u016f\",\"item\":\"https:\\\/\\\/prehrada-pastviny.cz\\\/cs\\\/\"},{\"@type\":\"ListItem\",\"position\":2,\"name\":\"Z\u00c1VOD DRA\u010c\u00cdCH LOD\u00cd Pastviny 2023\"}]},{\"@type\":\"WebSite\",\"@id\":\"https:\\\/\\\/prehrada-pastviny.cz\\\/cs\\\/#website\",\"url\":\"https:\\\/\\\/prehrada-pastviny.cz\\\/cs\\\/\",\"name\":\"P\u0159ehrada Pastviny\",\"description\":\"Pastvinsk\u00e1 P\u0159ehrada\",\"alternateName\":\"Pastvinsk\u00e1 p\u0159ehrada\",\"potentialAction\":[{\"@type\":\"SearchAction\",\"target\":{\"@type\":\"EntryPoint\",\"urlTemplate\":\"https:\\\/\\\/prehrada-pastviny.cz\\\/cs\\\/?s={search_term_string}\"},\"query-input\":{\"@type\":\"PropertyValueSpecification\",\"valueRequired\":true,\"valueName\":\"search_term_string\"}}],\"inLanguage\":\"cs\"},{\"@type\":\"Person\",\"@id\":\"https:\\\/\\\/prehrada-pastviny.cz\\\/cs\\\/#\\\/schema\\\/person\\\/88091645a86dacafb2c02690f9986498\",\"name\":\"nitram\",\"image\":{\"@type\":\"ImageObject\",\"inLanguage\":\"cs\",\"@id\":\"https:\\\/\\\/secure.gravatar.com\\\/avatar\\\/7eeb67fe758aeb594d0844d8b18a583346f9d501e35970b56dd5ca231345f9a4?s=96&d=mm&r=g\",\"url\":\"https:\\\/\\\/secure.gravatar.com\\\/avatar\\\/7eeb67fe758aeb594d0844d8b18a583346f9d501e35970b56dd5ca231345f9a4?s=96&d=mm&r=g\",\"contentUrl\":\"https:\\\/\\\/secure.gravatar.com\\\/avatar\\\/7eeb67fe758aeb594d0844d8b18a583346f9d501e35970b56dd5ca231345f9a4?s=96&d=mm&r=g\",\"caption\":\"nitram\"},\"sameAs\":[\"nitram\"],\"url\":\"https:\\\/\\\/prehrada-pastviny.cz\\\/cs\\\/author\\\/nitram\\\/\"}]}<\/script>\n<!-- \/ Yoast SEO plugin. -->","yoast_head_json":{"title":"Z\u00c1VOD DRA\u010c\u00cdCH LOD\u00cd Pastviny 2023 | P\u0159ehrada Pastviny","description":"Dra\u010d\u00ed lod\u011b Pastviny 2023. Z\u00e1vod bude prob\u00edhat dne 12. strpna 2023. Pastvinsk\u00e1 p\u0159ehrada pod Restaurac\u00ed Na Pl\u00e1\u017ei.","robots":{"index":"index","follow":"follow","max-snippet":"max-snippet:-1","max-image-preview":"max-image-preview:large","max-video-preview":"max-video-preview:-1"},"canonical":"https:\/\/prehrada-pastviny.cz\/cs\/zavod-dracich-lodi-pastviny-2023\/","og_locale":"cs_CZ","og_type":"article","og_title":"Z\u00c1VOD DRA\u010c\u00cdCH LOD\u00cd Pastviny 2023 | P\u0159ehrada Pastviny","og_description":"Dra\u010d\u00ed lod\u011b Pastviny 2023. Z\u00e1vod bude prob\u00edhat dne 12. strpna 2023. Pastvinsk\u00e1 p\u0159ehrada pod Restaurac\u00ed Na Pl\u00e1\u017ei.","og_url":"https:\/\/prehrada-pastviny.cz\/cs\/zavod-dracich-lodi-pastviny-2023\/","og_site_name":"P\u0159ehrada Pastviny","article_publisher":"https:\/\/www.facebook.com\/pastviny","article_published_time":"2023-05-15T09:56:01+00:00","article_modified_time":"2023-05-15T13:38:47+00:00","og_image":[{"width":1600,"height":1200,"url":"https:\/\/prehrada-pastviny.cz\/wp-content\/uploads\/2023\/05\/draci-lode-pastviny.jpg","type":"image\/jpeg"}],"author":"nitram","twitter_card":"summary_large_image","twitter_misc":{"Napsal(a)":"nitram"},"schema":{"@context":"https:\/\/schema.org","@graph":[{"@type":"Article","@id":"https:\/\/prehrada-pastviny.cz\/cs\/zavod-dracich-lodi-pastviny-2023\/#article","isPartOf":{"@id":"https:\/\/prehrada-pastviny.cz\/cs\/zavod-dracich-lodi-pastviny-2023\/"},"author":{"name":"nitram","@id":"https:\/\/prehrada-pastviny.cz\/cs\/#\/schema\/person\/88091645a86dacafb2c02690f9986498"},"headline":"Z\u00c1VOD DRA\u010c\u00cdCH LOD\u00cd Pastviny 2023","datePublished":"2023-05-15T09:56:01+00:00","dateModified":"2023-05-15T13:38:47+00:00","mainEntityOfPage":{"@id":"https:\/\/prehrada-pastviny.cz\/cs\/zavod-dracich-lodi-pastviny-2023\/"},"wordCount":6,"image":{"@id":"https:\/\/prehrada-pastviny.cz\/cs\/zavod-dracich-lodi-pastviny-2023\/#primaryimage"},"thumbnailUrl":"https:\/\/prehrada-pastviny.cz\/wp-content\/uploads\/2023\/05\/draci-lode-pastviny.jpg","articleSection":["Akce v okol\u00ed Pastviny"],"inLanguage":"cs"},{"@type":"WebPage","@id":"https:\/\/prehrada-pastviny.cz\/cs\/zavod-dracich-lodi-pastviny-2023\/","url":"https:\/\/prehrada-pastviny.cz\/cs\/zavod-dracich-lodi-pastviny-2023\/","name":"Z\u00c1VOD DRA\u010c\u00cdCH LOD\u00cd Pastviny 2023 | P\u0159ehrada Pastviny","isPartOf":{"@id":"https:\/\/prehrada-pastviny.cz\/cs\/#website"},"primaryImageOfPage":{"@id":"https:\/\/prehrada-pastviny.cz\/cs\/zavod-dracich-lodi-pastviny-2023\/#primaryimage"},"image":{"@id":"https:\/\/prehrada-pastviny.cz\/cs\/zavod-dracich-lodi-pastviny-2023\/#primaryimage"},"thumbnailUrl":"https:\/\/prehrada-pastviny.cz\/wp-content\/uploads\/2023\/05\/draci-lode-pastviny.jpg","datePublished":"2023-05-15T09:56:01+00:00","dateModified":"2023-05-15T13:38:47+00:00","author":{"@id":"https:\/\/prehrada-pastviny.cz\/cs\/#\/schema\/person\/88091645a86dacafb2c02690f9986498"},"description":"Dra\u010d\u00ed lod\u011b Pastviny 2023. Z\u00e1vod bude prob\u00edhat dne 12. strpna 2023. Pastvinsk\u00e1 p\u0159ehrada pod Restaurac\u00ed Na Pl\u00e1\u017ei.","breadcrumb":{"@id":"https:\/\/prehrada-pastviny.cz\/cs\/zavod-dracich-lodi-pastviny-2023\/#breadcrumb"},"inLanguage":"cs","potentialAction":[{"@type":"ReadAction","target":["https:\/\/prehrada-pastviny.cz\/cs\/zavod-dracich-lodi-pastviny-2023\/"]}]},{"@type":"ImageObject","inLanguage":"cs","@id":"https:\/\/prehrada-pastviny.cz\/cs\/zavod-dracich-lodi-pastviny-2023\/#primaryimage","url":"https:\/\/prehrada-pastviny.cz\/wp-content\/uploads\/2023\/05\/draci-lode-pastviny.jpg","contentUrl":"https:\/\/prehrada-pastviny.cz\/wp-content\/uploads\/2023\/05\/draci-lode-pastviny.jpg","width":1600,"height":1200},{"@type":"BreadcrumbList","@id":"https:\/\/prehrada-pastviny.cz\/cs\/zavod-dracich-lodi-pastviny-2023\/#breadcrumb","itemListElement":[{"@type":"ListItem","position":1,"name":"Dom\u016f","item":"https:\/\/prehrada-pastviny.cz\/cs\/"},{"@type":"ListItem","position":2,"name":"Z\u00c1VOD DRA\u010c\u00cdCH LOD\u00cd Pastviny 2023"}]},{"@type":"WebSite","@id":"https:\/\/prehrada-pastviny.cz\/cs\/#website","url":"https:\/\/prehrada-pastviny.cz\/cs\/","name":"P\u0159ehrada Pastviny","description":"Pastvinsk\u00e1 P\u0159ehrada","alternateName":"Pastvinsk\u00e1 p\u0159ehrada","potentialAction":[{"@type":"SearchAction","target":{"@type":"EntryPoint","urlTemplate":"https:\/\/prehrada-pastviny.cz\/cs\/?s={search_term_string}"},"query-input":{"@type":"PropertyValueSpecification","valueRequired":true,"valueName":"search_term_string"}}],"inLanguage":"cs"},{"@type":"Person","@id":"https:\/\/prehrada-pastviny.cz\/cs\/#\/schema\/person\/88091645a86dacafb2c02690f9986498","name":"nitram","image":{"@type":"ImageObject","inLanguage":"cs","@id":"https:\/\/secure.gravatar.com\/avatar\/7eeb67fe758aeb594d0844d8b18a583346f9d501e35970b56dd5ca231345f9a4?s=96&d=mm&r=g","url":"https:\/\/secure.gravatar.com\/avatar\/7eeb67fe758aeb594d0844d8b18a583346f9d501e35970b56dd5ca231345f9a4?s=96&d=mm&r=g","contentUrl":"https:\/\/secure.gravatar.com\/avatar\/7eeb67fe758aeb594d0844d8b18a583346f9d501e35970b56dd5ca231345f9a4?s=96&d=mm&r=g","caption":"nitram"},"sameAs":["nitram"],"url":"https:\/\/prehrada-pastviny.cz\/cs\/author\/nitram\/"}]}},"builder_content":"<h1>Dra\u010d\u00ed lod\u011b Pastviny 2023<\/h1> <p>Ski klub Pastviny po\u0159\u00e1d\u00e1 16. ro\u010dn\u00edk AMAT\u00c9RSK\u00c9HO Z\u00c1VODU DRA\u010c\u00cdCH LOD\u00cd NA PASTVIN\u00c1CH<\/p>\n<p><strong>V s<\/strong>obotu 12. strpna 2023<\/p> <p><strong>M\u00edsto z\u00e1vodu:<\/strong><\/p> <p>Pastvinsk\u00e1\u00a0p\u0159ehrada pod Restaurac\u00ed Na Pl\u00e1\u017ei<\/p> <p>V\u00edce informaci na: <a href=\"http:\/\/www.dracilodepastviny.cz\/\">www.dracilodepastviny.cz<\/a><\/p> <p>\u00a0<\/p> <p>\u00a0<\/p>\n<img src=\"https:\/\/prehrada-pastviny.cz\/wp-content\/uploads\/2023\/05\/draci-lode-pastviny.jpg\" title=\"draci-lode-pastviny\" alt=\"draci-lode-pastviny\" srcset=\"https:\/\/prehrada-pastviny.cz\/wp-content\/uploads\/2023\/05\/draci-lode-pastviny.jpg 1600w, https:\/\/prehrada-pastviny.cz\/wp-content\/uploads\/2023\/05\/draci-lode-pastviny-300x225.jpg 300w, https:\/\/prehrada-pastviny.cz\/wp-content\/uploads\/2023\/05\/draci-lode-pastviny-1024x768.jpg 1024w, https:\/\/prehrada-pastviny.cz\/wp-content\/uploads\/2023\/05\/draci-lode-pastviny-768x576.jpg 768w, https:\/\/prehrada-pastviny.cz\/wp-content\/uploads\/2023\/05\/draci-lode-pastviny-1536x1152.jpg 1536w\" sizes=\"(max-width: 1600px) 100vw, 1600px\" \/>","_links":{"self":[{"href":"https:\/\/prehrada-pastviny.cz\/cs\/wp-json\/wp\/v2\/posts\/3140","targetHints":{"allow":["GET"]}}],"collection":[{"href":"https:\/\/prehrada-pastviny.cz\/cs\/wp-json\/wp\/v2\/posts"}],"about":[{"href":"https:\/\/prehrada-pastviny.cz\/cs\/wp-json\/wp\/v2\/types\/post"}],"author":[{"embeddable":true,"href":"https:\/\/prehrada-pastviny.cz\/cs\/wp-json\/wp\/v2\/users\/6"}],"replies":[{"embeddable":true,"href":"https:\/\/prehrada-pastviny.cz\/cs\/wp-json\/wp\/v2\/comments?post=3140"}],"version-history":[{"count":6,"href":"https:\/\/prehrada-pastviny.cz\/cs\/wp-json\/wp\/v2\/posts\/3140\/revisions"}],"predecessor-version":[{"id":3147,"href":"https:\/\/prehrada-pastviny.cz\/cs\/wp-json\/wp\/v2\/posts\/3140\/revisions\/3147"}],"wp:featuredmedia":[{"embeddable":true,"href":"https:\/\/prehrada-pastviny.cz\/cs\/wp-json\/wp\/v2\/media\/3141"}],"wp:attachment":[{"href":"https:\/\/prehrada-pastviny.cz\/cs\/wp-json\/wp\/v2\/media?parent=3140"}],"wp:term":[{"taxonomy":"category","embeddable":true,"href":"https:\/\/prehrada-pastviny.cz\/cs\/wp-json\/wp\/v2\/categories?post=3140"},{"taxonomy":"post_tag","embeddable":true,"href":"https:\/\/prehrada-pastviny.cz\/cs\/wp-json\/wp\/v2\/tags?post=3140"},{"taxonomy":"doprava","embeddable":true,"href":"https:\/\/prehrada-pastviny.cz\/cs\/wp-json\/wp\/v2\/doprava?post=3140"}],"curies":[{"name":"wp","href":"https:\/\/api.w.org\/{rel}","templated":true}]}}