{"id":3404,"date":"2023-06-29T09:27:14","date_gmt":"2023-06-29T07:27:14","guid":{"rendered":"https:\/\/prehrada-pastviny.cz\/cs\/provozni-doba-konzum-leto\/"},"modified":"2023-06-29T09:27:14","modified_gmt":"2023-06-29T07:27:14","slug":"provozni-doba-konzum-leto","status":"publish","type":"post","link":"https:\/\/prehrada-pastviny.cz\/cs\/provozni-doba-konzum-leto\/","title":{"rendered":"Provozn\u00ed doba KONZUM &#8211; l\u00e9to"},"content":{"rendered":"<p>Oznamujeme V\u00e1m, \u017ee od 1.7. 2023  bude m\u00edt prodejna KONZUM Pastviny (136)<br \/>\nz provozn\u00edch d\u016fvod\u016f upravenou otev\u00edrac\u00ed dobu<\/p>","protected":false},"excerpt":{"rendered":"<p>Oznamujeme V\u00e1m, \u017ee od 1.7. 2023 bude m\u00edt prodejna KONZUM Pastviny (136) z provozn\u00edch d\u016fvod\u016f upravenou otev\u00edrac\u00ed dobu<\/p>\n","protected":false},"author":0,"featured_media":0,"comment_status":"","ping_status":"","sticky":false,"template":"","format":"standard","meta":{"_acf_changed":false,"footnotes":""},"categories":[1],"tags":[],"doprava":[],"class_list":["post-3404","post","type-post","status-publish","format-standard","hentry","category-nezarazene","has-post-title","has-post-date","has-post-category","has-post-tag","has-post-comment","has-post-author",""],"acf":[],"yoast_head":"<!-- This site is optimized with the Yoast SEO plugin v27.4 - https:\/\/yoast.com\/product\/yoast-seo-wordpress\/ -->\n<title>Provozn\u00ed doba KONZUM - l\u00e9to | P\u0159ehrada Pastviny<\/title>\n<meta name=\"robots\" content=\"index, follow, max-snippet:-1, max-image-preview:large, max-video-preview:-1\" \/>\n<link rel=\"canonical\" href=\"https:\/\/prehrada-pastviny.cz\/cs\/provozni-doba-konzum-leto\/\" \/>\n<meta property=\"og:locale\" content=\"cs_CZ\" \/>\n<meta property=\"og:type\" content=\"article\" \/>\n<meta property=\"og:title\" content=\"Provozn\u00ed doba KONZUM - l\u00e9to | P\u0159ehrada Pastviny\" \/>\n<meta property=\"og:description\" content=\"Oznamujeme V\u00e1m, \u017ee od 1.7. 2023 bude m\u00edt prodejna KONZUM Pastviny (136) z provozn\u00edch d\u016fvod\u016f upravenou otev\u00edrac\u00ed dobu\" \/>\n<meta property=\"og:url\" content=\"https:\/\/prehrada-pastviny.cz\/cs\/provozni-doba-konzum-leto\/\" \/>\n<meta property=\"og:site_name\" content=\"P\u0159ehrada Pastviny\" \/>\n<meta property=\"article:publisher\" content=\"https:\/\/www.facebook.com\/pastviny\" \/>\n<meta property=\"article:published_time\" content=\"2023-06-29T07:27:14+00:00\" \/>\n<meta property=\"og:image\" content=\"https:\/\/prehrada-pastviny.cz\/wp-content\/uploads\/2023\/04\/preharda-pastviny-leto.jpg\" \/>\n\t<meta property=\"og:image:width\" content=\"1334\" \/>\n\t<meta property=\"og:image:height\" content=\"750\" \/>\n\t<meta property=\"og:image:type\" content=\"image\/jpeg\" \/>\n<meta name=\"twitter:card\" content=\"summary_large_image\" \/>\n<script type=\"application\/ld+json\" class=\"yoast-schema-graph\">{\"@context\":\"https:\\\/\\\/schema.org\",\"@graph\":[{\"@type\":\"Article\",\"@id\":\"https:\\\/\\\/prehrada-pastviny.cz\\\/cs\\\/provozni-doba-konzum-leto\\\/#article\",\"isPartOf\":{\"@id\":\"https:\\\/\\\/prehrada-pastviny.cz\\\/cs\\\/provozni-doba-konzum-leto\\\/\"},\"author\":{\"name\":\"\",\"@id\":\"\"},\"headline\":\"Provozn\u00ed doba KONZUM &#8211; l\u00e9to\",\"datePublished\":\"2023-06-29T07:27:14+00:00\",\"mainEntityOfPage\":{\"@id\":\"https:\\\/\\\/prehrada-pastviny.cz\\\/cs\\\/provozni-doba-konzum-leto\\\/\"},\"wordCount\":26,\"inLanguage\":\"cs\"},{\"@type\":\"WebPage\",\"@id\":\"https:\\\/\\\/prehrada-pastviny.cz\\\/cs\\\/provozni-doba-konzum-leto\\\/\",\"url\":\"https:\\\/\\\/prehrada-pastviny.cz\\\/cs\\\/provozni-doba-konzum-leto\\\/\",\"name\":\"Provozn\u00ed doba KONZUM - l\u00e9to | P\u0159ehrada Pastviny\",\"isPartOf\":{\"@id\":\"https:\\\/\\\/prehrada-pastviny.cz\\\/cs\\\/#website\"},\"datePublished\":\"2023-06-29T07:27:14+00:00\",\"author\":{\"@id\":\"\"},\"breadcrumb\":{\"@id\":\"https:\\\/\\\/prehrada-pastviny.cz\\\/cs\\\/provozni-doba-konzum-leto\\\/#breadcrumb\"},\"inLanguage\":\"cs\",\"potentialAction\":[{\"@type\":\"ReadAction\",\"target\":[\"https:\\\/\\\/prehrada-pastviny.cz\\\/cs\\\/provozni-doba-konzum-leto\\\/\"]}]},{\"@type\":\"BreadcrumbList\",\"@id\":\"https:\\\/\\\/prehrada-pastviny.cz\\\/cs\\\/provozni-doba-konzum-leto\\\/#breadcrumb\",\"itemListElement\":[{\"@type\":\"ListItem\",\"position\":1,\"name\":\"Dom\u016f\",\"item\":\"https:\\\/\\\/prehrada-pastviny.cz\\\/cs\\\/\"},{\"@type\":\"ListItem\",\"position\":2,\"name\":\"Provozn\u00ed doba KONZUM &#8211; l\u00e9to\"}]},{\"@type\":\"WebSite\",\"@id\":\"https:\\\/\\\/prehrada-pastviny.cz\\\/cs\\\/#website\",\"url\":\"https:\\\/\\\/prehrada-pastviny.cz\\\/cs\\\/\",\"name\":\"P\u0159ehrada Pastviny\",\"description\":\"Pastvinsk\u00e1 P\u0159ehrada\",\"alternateName\":\"Pastvinsk\u00e1 p\u0159ehrada\",\"potentialAction\":[{\"@type\":\"SearchAction\",\"target\":{\"@type\":\"EntryPoint\",\"urlTemplate\":\"https:\\\/\\\/prehrada-pastviny.cz\\\/cs\\\/?s={search_term_string}\"},\"query-input\":{\"@type\":\"PropertyValueSpecification\",\"valueRequired\":true,\"valueName\":\"search_term_string\"}}],\"inLanguage\":\"cs\"}]}<\/script>\n<!-- \/ Yoast SEO plugin. -->","yoast_head_json":{"title":"Provozn\u00ed doba KONZUM - l\u00e9to | P\u0159ehrada Pastviny","robots":{"index":"index","follow":"follow","max-snippet":"max-snippet:-1","max-image-preview":"max-image-preview:large","max-video-preview":"max-video-preview:-1"},"canonical":"https:\/\/prehrada-pastviny.cz\/cs\/provozni-doba-konzum-leto\/","og_locale":"cs_CZ","og_type":"article","og_title":"Provozn\u00ed doba KONZUM - l\u00e9to | P\u0159ehrada Pastviny","og_description":"Oznamujeme V\u00e1m, \u017ee od 1.7. 2023 bude m\u00edt prodejna KONZUM Pastviny (136) z provozn\u00edch d\u016fvod\u016f upravenou otev\u00edrac\u00ed dobu","og_url":"https:\/\/prehrada-pastviny.cz\/cs\/provozni-doba-konzum-leto\/","og_site_name":"P\u0159ehrada Pastviny","article_publisher":"https:\/\/www.facebook.com\/pastviny","article_published_time":"2023-06-29T07:27:14+00:00","og_image":[{"width":1334,"height":750,"url":"https:\/\/prehrada-pastviny.cz\/wp-content\/uploads\/2023\/04\/preharda-pastviny-leto.jpg","type":"image\/jpeg"}],"twitter_card":"summary_large_image","schema":{"@context":"https:\/\/schema.org","@graph":[{"@type":"Article","@id":"https:\/\/prehrada-pastviny.cz\/cs\/provozni-doba-konzum-leto\/#article","isPartOf":{"@id":"https:\/\/prehrada-pastviny.cz\/cs\/provozni-doba-konzum-leto\/"},"author":{"name":"","@id":""},"headline":"Provozn\u00ed doba KONZUM &#8211; l\u00e9to","datePublished":"2023-06-29T07:27:14+00:00","mainEntityOfPage":{"@id":"https:\/\/prehrada-pastviny.cz\/cs\/provozni-doba-konzum-leto\/"},"wordCount":26,"inLanguage":"cs"},{"@type":"WebPage","@id":"https:\/\/prehrada-pastviny.cz\/cs\/provozni-doba-konzum-leto\/","url":"https:\/\/prehrada-pastviny.cz\/cs\/provozni-doba-konzum-leto\/","name":"Provozn\u00ed doba KONZUM - l\u00e9to | P\u0159ehrada Pastviny","isPartOf":{"@id":"https:\/\/prehrada-pastviny.cz\/cs\/#website"},"datePublished":"2023-06-29T07:27:14+00:00","author":{"@id":""},"breadcrumb":{"@id":"https:\/\/prehrada-pastviny.cz\/cs\/provozni-doba-konzum-leto\/#breadcrumb"},"inLanguage":"cs","potentialAction":[{"@type":"ReadAction","target":["https:\/\/prehrada-pastviny.cz\/cs\/provozni-doba-konzum-leto\/"]}]},{"@type":"BreadcrumbList","@id":"https:\/\/prehrada-pastviny.cz\/cs\/provozni-doba-konzum-leto\/#breadcrumb","itemListElement":[{"@type":"ListItem","position":1,"name":"Dom\u016f","item":"https:\/\/prehrada-pastviny.cz\/cs\/"},{"@type":"ListItem","position":2,"name":"Provozn\u00ed doba KONZUM &#8211; l\u00e9to"}]},{"@type":"WebSite","@id":"https:\/\/prehrada-pastviny.cz\/cs\/#website","url":"https:\/\/prehrada-pastviny.cz\/cs\/","name":"P\u0159ehrada Pastviny","description":"Pastvinsk\u00e1 P\u0159ehrada","alternateName":"Pastvinsk\u00e1 p\u0159ehrada","potentialAction":[{"@type":"SearchAction","target":{"@type":"EntryPoint","urlTemplate":"https:\/\/prehrada-pastviny.cz\/cs\/?s={search_term_string}"},"query-input":{"@type":"PropertyValueSpecification","valueRequired":true,"valueName":"search_term_string"}}],"inLanguage":"cs"}]}},"builder_content":"","_links":{"self":[{"href":"https:\/\/prehrada-pastviny.cz\/cs\/wp-json\/wp\/v2\/posts\/3404","targetHints":{"allow":["GET"]}}],"collection":[{"href":"https:\/\/prehrada-pastviny.cz\/cs\/wp-json\/wp\/v2\/posts"}],"about":[{"href":"https:\/\/prehrada-pastviny.cz\/cs\/wp-json\/wp\/v2\/types\/post"}],"replies":[{"embeddable":true,"href":"https:\/\/prehrada-pastviny.cz\/cs\/wp-json\/wp\/v2\/comments?post=3404"}],"version-history":[{"count":0,"href":"https:\/\/prehrada-pastviny.cz\/cs\/wp-json\/wp\/v2\/posts\/3404\/revisions"}],"wp:attachment":[{"href":"https:\/\/prehrada-pastviny.cz\/cs\/wp-json\/wp\/v2\/media?parent=3404"}],"wp:term":[{"taxonomy":"category","embeddable":true,"href":"https:\/\/prehrada-pastviny.cz\/cs\/wp-json\/wp\/v2\/categories?post=3404"},{"taxonomy":"post_tag","embeddable":true,"href":"https:\/\/prehrada-pastviny.cz\/cs\/wp-json\/wp\/v2\/tags?post=3404"},{"taxonomy":"doprava","embeddable":true,"href":"https:\/\/prehrada-pastviny.cz\/cs\/wp-json\/wp\/v2\/doprava?post=3404"}],"curies":[{"name":"wp","href":"https:\/\/api.w.org\/{rel}","templated":true}]}}