{"id":3508,"date":"2024-03-20T11:17:40","date_gmt":"2024-03-20T10:17:40","guid":{"rendered":"https:\/\/prehrada-pastviny.cz\/cs\/?p=3508"},"modified":"2024-03-20T11:21:16","modified_gmt":"2024-03-20T10:21:16","slug":"odemykani-prehrady-pastviny-do-sezony-2024","status":"publish","type":"post","link":"https:\/\/prehrada-pastviny.cz\/cs\/odemykani-prehrady-pastviny-do-sezony-2024\/","title":{"rendered":"Odemyk\u00e1n\u00ed p\u0159ehrady Pastviny do sez\u00f3ny 2024"},"content":{"rendered":"<!--themify_builder_content-->\n<div id=\"themify_builder_content-3508\" data-postid=\"3508\" class=\"themify_builder_content themify_builder_content-3508 themify_builder tf_clear\">\n                    <div  data-lazy=\"1\" class=\"module_row themify_builder_row tb_3du1478 tb_first tf_w\">\n                        <div class=\"row_inner col_align_top tb_col_count_1 tf_box tf_rel\">\n                        <div  data-lazy=\"1\" class=\"module_column tb-column col-full tb_4ivb479 first\">\n                    <!-- module text -->\n<div  class=\"module module-text tb_e6ag748   \" data-lazy=\"1\">\n        <div  class=\"tb_text_wrap\">\n        <h1 class=\"post-title entry-title\">Odemyk\u00e1n\u00ed p\u0159ehrady Pastviny do sez\u00f3ny 2024<\/h1>\n<p>Dorazte dne 30.3.2024 na pl\u00e1\u017e pod Panelem a odemkn\u011bte spole\u010dn\u011b p\u0159ehradu Pastviny do sez\u00f3ny 2024. Bl\u00e1zni jsou ti, co stoj\u00ed na b\u0159ehu a plav\u00e1n\u00ed ve studen\u00e9 vod\u011b si p\u011bkn\u011b u\u017eijeme. Zve V\u00e1s m\u00edstn\u00ed Ski klub, kter\u00fd pro leto\u0161ek chyst\u00e1 i dal\u0161\u00ed <a href=\"https:\/\/prehrada-pastviny.cz\/cs\/kalendar-akci\/\">akce v okol\u00ed p\u0159ehrady Pastviny<\/a>.<\/p>    <\/div>\n<\/div>\n<!-- \/module text --><!-- module image -->\n<div  class=\"module module-image tb_70qs303 image-top   tf_mw\" data-lazy=\"1\">\n        <div class=\"image-wrap tf_rel tf_mw\">\n            <img loading=\"lazy\" decoding=\"async\" width=\"510\" height=\"720\" src=\"https:\/\/prehrada-pastviny.cz\/wp-content\/uploads\/2024\/03\/odemykani-prehrady-pastviny-2024.jpg\" class=\"wp-post-image wp-image-3507\" title=\"odemykani-prehrady-pastviny-2024\" alt=\"odemykani-prehrady-pastviny-2024\" srcset=\"https:\/\/prehrada-pastviny.cz\/wp-content\/uploads\/2024\/03\/odemykani-prehrady-pastviny-2024.jpg 510w, https:\/\/prehrada-pastviny.cz\/wp-content\/uploads\/2024\/03\/odemykani-prehrady-pastviny-2024-213x300.jpg 213w\" sizes=\"auto, (max-width: 510px) 100vw, 510px\" \/>    \n        <\/div>\n    <!-- \/image-wrap -->\n    \n        <\/div>\n<!-- \/module image -->        <\/div>\n                        <\/div>\n        <\/div>\n        <\/div>\n<!--\/themify_builder_content-->","protected":false},"excerpt":{"rendered":"<p>Odemyk\u00e1n\u00ed p\u0159ehrady Pastviny do sez\u00f3ny 2024 Dorazte dne 30.3.2024 na pl\u00e1\u017e pod Panelem a odemkn\u011bte spole\u010dn\u011b p\u0159ehradu Pastviny do sez\u00f3ny 2024. Bl\u00e1zni jsou ti, co stoj\u00ed na b\u0159ehu a plav\u00e1n\u00ed ve studen\u00e9 vod\u011b si p\u011bkn\u011b u\u017eijeme. Zve V\u00e1s m\u00edstn\u00ed Ski klub, kter\u00fd pro leto\u0161ek chyst\u00e1 i dal\u0161\u00ed akce v okol\u00ed p\u0159ehrady Pastviny.<\/p>\n","protected":false},"author":6,"featured_media":3507,"comment_status":"closed","ping_status":"closed","sticky":true,"template":"","format":"standard","meta":{"_acf_changed":false,"footnotes":""},"categories":[103],"tags":[],"doprava":[],"class_list":["post-3508","post","type-post","status-publish","format-standard","has-post-thumbnail","hentry","category-akce-okoli-pastviny","has-post-title","has-post-date","has-post-category","has-post-tag","has-post-comment","has-post-author",""],"acf":[],"yoast_head":"<!-- This site is optimized with the Yoast SEO plugin v27.4 - https:\/\/yoast.com\/product\/yoast-seo-wordpress\/ -->\n<title>Odemyk\u00e1n\u00ed p\u0159ehrady Pastviny do sez\u00f3ny 2024 | P\u0159ehrada Pastviny<\/title>\n<meta name=\"robots\" content=\"index, follow, max-snippet:-1, max-image-preview:large, max-video-preview:-1\" \/>\n<link rel=\"canonical\" href=\"https:\/\/prehrada-pastviny.cz\/cs\/odemykani-prehrady-pastviny-do-sezony-2024\/\" \/>\n<meta property=\"og:locale\" content=\"cs_CZ\" \/>\n<meta property=\"og:type\" content=\"article\" \/>\n<meta property=\"og:title\" content=\"Odemyk\u00e1n\u00ed p\u0159ehrady Pastviny do sez\u00f3ny 2024 | P\u0159ehrada Pastviny\" \/>\n<meta property=\"og:description\" content=\"Odemyk\u00e1n\u00ed p\u0159ehrady Pastviny do sez\u00f3ny 2024 Dorazte dne 30.3.2024 na pl\u00e1\u017e pod Panelem a odemkn\u011bte spole\u010dn\u011b p\u0159ehradu Pastviny do sez\u00f3ny 2024. Bl\u00e1zni jsou ti, co stoj\u00ed na b\u0159ehu a plav\u00e1n\u00ed ve studen\u00e9 vod\u011b si p\u011bkn\u011b u\u017eijeme. Zve V\u00e1s m\u00edstn\u00ed Ski klub, kter\u00fd pro leto\u0161ek chyst\u00e1 i dal\u0161\u00ed akce v okol\u00ed p\u0159ehrady Pastviny.\" \/>\n<meta property=\"og:url\" content=\"https:\/\/prehrada-pastviny.cz\/cs\/odemykani-prehrady-pastviny-do-sezony-2024\/\" \/>\n<meta property=\"og:site_name\" content=\"P\u0159ehrada Pastviny\" \/>\n<meta property=\"article:publisher\" content=\"https:\/\/www.facebook.com\/pastviny\" \/>\n<meta property=\"article:published_time\" content=\"2024-03-20T10:17:40+00:00\" \/>\n<meta property=\"article:modified_time\" content=\"2024-03-20T10:21:16+00:00\" \/>\n<meta property=\"og:image\" content=\"https:\/\/prehrada-pastviny.cz\/wp-content\/uploads\/2024\/03\/odemykani-prehrady-pastviny-2024.jpg\" \/>\n\t<meta property=\"og:image:width\" content=\"510\" \/>\n\t<meta property=\"og:image:height\" content=\"720\" \/>\n\t<meta property=\"og:image:type\" content=\"image\/jpeg\" \/>\n<meta name=\"author\" content=\"nitram\" \/>\n<meta name=\"twitter:card\" content=\"summary_large_image\" \/>\n<meta name=\"twitter:label1\" content=\"Napsal(a)\" \/>\n\t<meta name=\"twitter:data1\" content=\"nitram\" \/>\n\t<meta name=\"twitter:label2\" content=\"Odhadovan\u00e1 doba \u010dten\u00ed\" \/>\n\t<meta name=\"twitter:data2\" content=\"2 minuty\" \/>\n<script type=\"application\/ld+json\" class=\"yoast-schema-graph\">{\"@context\":\"https:\\\/\\\/schema.org\",\"@graph\":[{\"@type\":\"Article\",\"@id\":\"https:\\\/\\\/prehrada-pastviny.cz\\\/cs\\\/odemykani-prehrady-pastviny-do-sezony-2024\\\/#article\",\"isPartOf\":{\"@id\":\"https:\\\/\\\/prehrada-pastviny.cz\\\/cs\\\/odemykani-prehrady-pastviny-do-sezony-2024\\\/\"},\"author\":{\"name\":\"nitram\",\"@id\":\"https:\\\/\\\/prehrada-pastviny.cz\\\/cs\\\/#\\\/schema\\\/person\\\/88091645a86dacafb2c02690f9986498\"},\"headline\":\"Odemyk\u00e1n\u00ed p\u0159ehrady Pastviny do sez\u00f3ny 2024\",\"datePublished\":\"2024-03-20T10:17:40+00:00\",\"dateModified\":\"2024-03-20T10:21:16+00:00\",\"mainEntityOfPage\":{\"@id\":\"https:\\\/\\\/prehrada-pastviny.cz\\\/cs\\\/odemykani-prehrady-pastviny-do-sezony-2024\\\/\"},\"wordCount\":73,\"image\":{\"@id\":\"https:\\\/\\\/prehrada-pastviny.cz\\\/cs\\\/odemykani-prehrady-pastviny-do-sezony-2024\\\/#primaryimage\"},\"thumbnailUrl\":\"https:\\\/\\\/prehrada-pastviny.cz\\\/wp-content\\\/uploads\\\/2024\\\/03\\\/odemykani-prehrady-pastviny-2024.jpg\",\"articleSection\":[\"Akce v okol\u00ed Pastviny\"],\"inLanguage\":\"cs\"},{\"@type\":\"WebPage\",\"@id\":\"https:\\\/\\\/prehrada-pastviny.cz\\\/cs\\\/odemykani-prehrady-pastviny-do-sezony-2024\\\/\",\"url\":\"https:\\\/\\\/prehrada-pastviny.cz\\\/cs\\\/odemykani-prehrady-pastviny-do-sezony-2024\\\/\",\"name\":\"Odemyk\u00e1n\u00ed p\u0159ehrady Pastviny do sez\u00f3ny 2024 | P\u0159ehrada Pastviny\",\"isPartOf\":{\"@id\":\"https:\\\/\\\/prehrada-pastviny.cz\\\/cs\\\/#website\"},\"primaryImageOfPage\":{\"@id\":\"https:\\\/\\\/prehrada-pastviny.cz\\\/cs\\\/odemykani-prehrady-pastviny-do-sezony-2024\\\/#primaryimage\"},\"image\":{\"@id\":\"https:\\\/\\\/prehrada-pastviny.cz\\\/cs\\\/odemykani-prehrady-pastviny-do-sezony-2024\\\/#primaryimage\"},\"thumbnailUrl\":\"https:\\\/\\\/prehrada-pastviny.cz\\\/wp-content\\\/uploads\\\/2024\\\/03\\\/odemykani-prehrady-pastviny-2024.jpg\",\"datePublished\":\"2024-03-20T10:17:40+00:00\",\"dateModified\":\"2024-03-20T10:21:16+00:00\",\"author\":{\"@id\":\"https:\\\/\\\/prehrada-pastviny.cz\\\/cs\\\/#\\\/schema\\\/person\\\/88091645a86dacafb2c02690f9986498\"},\"breadcrumb\":{\"@id\":\"https:\\\/\\\/prehrada-pastviny.cz\\\/cs\\\/odemykani-prehrady-pastviny-do-sezony-2024\\\/#breadcrumb\"},\"inLanguage\":\"cs\",\"potentialAction\":[{\"@type\":\"ReadAction\",\"target\":[\"https:\\\/\\\/prehrada-pastviny.cz\\\/cs\\\/odemykani-prehrady-pastviny-do-sezony-2024\\\/\"]}]},{\"@type\":\"ImageObject\",\"inLanguage\":\"cs\",\"@id\":\"https:\\\/\\\/prehrada-pastviny.cz\\\/cs\\\/odemykani-prehrady-pastviny-do-sezony-2024\\\/#primaryimage\",\"url\":\"https:\\\/\\\/prehrada-pastviny.cz\\\/wp-content\\\/uploads\\\/2024\\\/03\\\/odemykani-prehrady-pastviny-2024.jpg\",\"contentUrl\":\"https:\\\/\\\/prehrada-pastviny.cz\\\/wp-content\\\/uploads\\\/2024\\\/03\\\/odemykani-prehrady-pastviny-2024.jpg\",\"width\":510,\"height\":720},{\"@type\":\"BreadcrumbList\",\"@id\":\"https:\\\/\\\/prehrada-pastviny.cz\\\/cs\\\/odemykani-prehrady-pastviny-do-sezony-2024\\\/#breadcrumb\",\"itemListElement\":[{\"@type\":\"ListItem\",\"position\":1,\"name\":\"Dom\u016f\",\"item\":\"https:\\\/\\\/prehrada-pastviny.cz\\\/cs\\\/\"},{\"@type\":\"ListItem\",\"position\":2,\"name\":\"Odemyk\u00e1n\u00ed p\u0159ehrady Pastviny do sez\u00f3ny 2024\"}]},{\"@type\":\"WebSite\",\"@id\":\"https:\\\/\\\/prehrada-pastviny.cz\\\/cs\\\/#website\",\"url\":\"https:\\\/\\\/prehrada-pastviny.cz\\\/cs\\\/\",\"name\":\"P\u0159ehrada Pastviny\",\"description\":\"Pastvinsk\u00e1 P\u0159ehrada\",\"alternateName\":\"Pastvinsk\u00e1 p\u0159ehrada\",\"potentialAction\":[{\"@type\":\"SearchAction\",\"target\":{\"@type\":\"EntryPoint\",\"urlTemplate\":\"https:\\\/\\\/prehrada-pastviny.cz\\\/cs\\\/?s={search_term_string}\"},\"query-input\":{\"@type\":\"PropertyValueSpecification\",\"valueRequired\":true,\"valueName\":\"search_term_string\"}}],\"inLanguage\":\"cs\"},{\"@type\":\"Person\",\"@id\":\"https:\\\/\\\/prehrada-pastviny.cz\\\/cs\\\/#\\\/schema\\\/person\\\/88091645a86dacafb2c02690f9986498\",\"name\":\"nitram\",\"image\":{\"@type\":\"ImageObject\",\"inLanguage\":\"cs\",\"@id\":\"https:\\\/\\\/secure.gravatar.com\\\/avatar\\\/7eeb67fe758aeb594d0844d8b18a583346f9d501e35970b56dd5ca231345f9a4?s=96&d=mm&r=g\",\"url\":\"https:\\\/\\\/secure.gravatar.com\\\/avatar\\\/7eeb67fe758aeb594d0844d8b18a583346f9d501e35970b56dd5ca231345f9a4?s=96&d=mm&r=g\",\"contentUrl\":\"https:\\\/\\\/secure.gravatar.com\\\/avatar\\\/7eeb67fe758aeb594d0844d8b18a583346f9d501e35970b56dd5ca231345f9a4?s=96&d=mm&r=g\",\"caption\":\"nitram\"},\"sameAs\":[\"nitram\"],\"url\":\"https:\\\/\\\/prehrada-pastviny.cz\\\/cs\\\/author\\\/nitram\\\/\"}]}<\/script>\n<!-- \/ Yoast SEO plugin. -->","yoast_head_json":{"title":"Odemyk\u00e1n\u00ed p\u0159ehrady Pastviny do sez\u00f3ny 2024 | P\u0159ehrada Pastviny","robots":{"index":"index","follow":"follow","max-snippet":"max-snippet:-1","max-image-preview":"max-image-preview:large","max-video-preview":"max-video-preview:-1"},"canonical":"https:\/\/prehrada-pastviny.cz\/cs\/odemykani-prehrady-pastviny-do-sezony-2024\/","og_locale":"cs_CZ","og_type":"article","og_title":"Odemyk\u00e1n\u00ed p\u0159ehrady Pastviny do sez\u00f3ny 2024 | P\u0159ehrada Pastviny","og_description":"Odemyk\u00e1n\u00ed p\u0159ehrady Pastviny do sez\u00f3ny 2024 Dorazte dne 30.3.2024 na pl\u00e1\u017e pod Panelem a odemkn\u011bte spole\u010dn\u011b p\u0159ehradu Pastviny do sez\u00f3ny 2024. Bl\u00e1zni jsou ti, co stoj\u00ed na b\u0159ehu a plav\u00e1n\u00ed ve studen\u00e9 vod\u011b si p\u011bkn\u011b u\u017eijeme. Zve V\u00e1s m\u00edstn\u00ed Ski klub, kter\u00fd pro leto\u0161ek chyst\u00e1 i dal\u0161\u00ed akce v okol\u00ed p\u0159ehrady Pastviny.","og_url":"https:\/\/prehrada-pastviny.cz\/cs\/odemykani-prehrady-pastviny-do-sezony-2024\/","og_site_name":"P\u0159ehrada Pastviny","article_publisher":"https:\/\/www.facebook.com\/pastviny","article_published_time":"2024-03-20T10:17:40+00:00","article_modified_time":"2024-03-20T10:21:16+00:00","og_image":[{"width":510,"height":720,"url":"https:\/\/prehrada-pastviny.cz\/wp-content\/uploads\/2024\/03\/odemykani-prehrady-pastviny-2024.jpg","type":"image\/jpeg"}],"author":"nitram","twitter_card":"summary_large_image","twitter_misc":{"Napsal(a)":"nitram","Odhadovan\u00e1 doba \u010dten\u00ed":"2 minuty"},"schema":{"@context":"https:\/\/schema.org","@graph":[{"@type":"Article","@id":"https:\/\/prehrada-pastviny.cz\/cs\/odemykani-prehrady-pastviny-do-sezony-2024\/#article","isPartOf":{"@id":"https:\/\/prehrada-pastviny.cz\/cs\/odemykani-prehrady-pastviny-do-sezony-2024\/"},"author":{"name":"nitram","@id":"https:\/\/prehrada-pastviny.cz\/cs\/#\/schema\/person\/88091645a86dacafb2c02690f9986498"},"headline":"Odemyk\u00e1n\u00ed p\u0159ehrady Pastviny do sez\u00f3ny 2024","datePublished":"2024-03-20T10:17:40+00:00","dateModified":"2024-03-20T10:21:16+00:00","mainEntityOfPage":{"@id":"https:\/\/prehrada-pastviny.cz\/cs\/odemykani-prehrady-pastviny-do-sezony-2024\/"},"wordCount":73,"image":{"@id":"https:\/\/prehrada-pastviny.cz\/cs\/odemykani-prehrady-pastviny-do-sezony-2024\/#primaryimage"},"thumbnailUrl":"https:\/\/prehrada-pastviny.cz\/wp-content\/uploads\/2024\/03\/odemykani-prehrady-pastviny-2024.jpg","articleSection":["Akce v okol\u00ed Pastviny"],"inLanguage":"cs"},{"@type":"WebPage","@id":"https:\/\/prehrada-pastviny.cz\/cs\/odemykani-prehrady-pastviny-do-sezony-2024\/","url":"https:\/\/prehrada-pastviny.cz\/cs\/odemykani-prehrady-pastviny-do-sezony-2024\/","name":"Odemyk\u00e1n\u00ed p\u0159ehrady Pastviny do sez\u00f3ny 2024 | P\u0159ehrada Pastviny","isPartOf":{"@id":"https:\/\/prehrada-pastviny.cz\/cs\/#website"},"primaryImageOfPage":{"@id":"https:\/\/prehrada-pastviny.cz\/cs\/odemykani-prehrady-pastviny-do-sezony-2024\/#primaryimage"},"image":{"@id":"https:\/\/prehrada-pastviny.cz\/cs\/odemykani-prehrady-pastviny-do-sezony-2024\/#primaryimage"},"thumbnailUrl":"https:\/\/prehrada-pastviny.cz\/wp-content\/uploads\/2024\/03\/odemykani-prehrady-pastviny-2024.jpg","datePublished":"2024-03-20T10:17:40+00:00","dateModified":"2024-03-20T10:21:16+00:00","author":{"@id":"https:\/\/prehrada-pastviny.cz\/cs\/#\/schema\/person\/88091645a86dacafb2c02690f9986498"},"breadcrumb":{"@id":"https:\/\/prehrada-pastviny.cz\/cs\/odemykani-prehrady-pastviny-do-sezony-2024\/#breadcrumb"},"inLanguage":"cs","potentialAction":[{"@type":"ReadAction","target":["https:\/\/prehrada-pastviny.cz\/cs\/odemykani-prehrady-pastviny-do-sezony-2024\/"]}]},{"@type":"ImageObject","inLanguage":"cs","@id":"https:\/\/prehrada-pastviny.cz\/cs\/odemykani-prehrady-pastviny-do-sezony-2024\/#primaryimage","url":"https:\/\/prehrada-pastviny.cz\/wp-content\/uploads\/2024\/03\/odemykani-prehrady-pastviny-2024.jpg","contentUrl":"https:\/\/prehrada-pastviny.cz\/wp-content\/uploads\/2024\/03\/odemykani-prehrady-pastviny-2024.jpg","width":510,"height":720},{"@type":"BreadcrumbList","@id":"https:\/\/prehrada-pastviny.cz\/cs\/odemykani-prehrady-pastviny-do-sezony-2024\/#breadcrumb","itemListElement":[{"@type":"ListItem","position":1,"name":"Dom\u016f","item":"https:\/\/prehrada-pastviny.cz\/cs\/"},{"@type":"ListItem","position":2,"name":"Odemyk\u00e1n\u00ed p\u0159ehrady Pastviny do sez\u00f3ny 2024"}]},{"@type":"WebSite","@id":"https:\/\/prehrada-pastviny.cz\/cs\/#website","url":"https:\/\/prehrada-pastviny.cz\/cs\/","name":"P\u0159ehrada Pastviny","description":"Pastvinsk\u00e1 P\u0159ehrada","alternateName":"Pastvinsk\u00e1 p\u0159ehrada","potentialAction":[{"@type":"SearchAction","target":{"@type":"EntryPoint","urlTemplate":"https:\/\/prehrada-pastviny.cz\/cs\/?s={search_term_string}"},"query-input":{"@type":"PropertyValueSpecification","valueRequired":true,"valueName":"search_term_string"}}],"inLanguage":"cs"},{"@type":"Person","@id":"https:\/\/prehrada-pastviny.cz\/cs\/#\/schema\/person\/88091645a86dacafb2c02690f9986498","name":"nitram","image":{"@type":"ImageObject","inLanguage":"cs","@id":"https:\/\/secure.gravatar.com\/avatar\/7eeb67fe758aeb594d0844d8b18a583346f9d501e35970b56dd5ca231345f9a4?s=96&d=mm&r=g","url":"https:\/\/secure.gravatar.com\/avatar\/7eeb67fe758aeb594d0844d8b18a583346f9d501e35970b56dd5ca231345f9a4?s=96&d=mm&r=g","contentUrl":"https:\/\/secure.gravatar.com\/avatar\/7eeb67fe758aeb594d0844d8b18a583346f9d501e35970b56dd5ca231345f9a4?s=96&d=mm&r=g","caption":"nitram"},"sameAs":["nitram"],"url":"https:\/\/prehrada-pastviny.cz\/cs\/author\/nitram\/"}]}},"builder_content":"<h1>Odemyk\u00e1n\u00ed p\u0159ehrady Pastviny do sez\u00f3ny 2024<\/h1> <p>Dorazte dne 30.3.2024 na pl\u00e1\u017e pod Panelem a odemkn\u011bte spole\u010dn\u011b p\u0159ehradu Pastviny do sez\u00f3ny 2024. Bl\u00e1zni jsou ti, co stoj\u00ed na b\u0159ehu a plav\u00e1n\u00ed ve studen\u00e9 vod\u011b si p\u011bkn\u011b u\u017eijeme. Zve V\u00e1s m\u00edstn\u00ed Ski klub, kter\u00fd pro leto\u0161ek chyst\u00e1 i dal\u0161\u00ed <a href=\"https:\/\/prehrada-pastviny.cz\/cs\/kalendar-akci\/\">akce v okol\u00ed p\u0159ehrady Pastviny<\/a>.<\/p>\n<img src=\"https:\/\/prehrada-pastviny.cz\/wp-content\/uploads\/2024\/03\/odemykani-prehrady-pastviny-2024.jpg\" title=\"odemykani-prehrady-pastviny-2024\" alt=\"odemykani-prehrady-pastviny-2024\" srcset=\"https:\/\/prehrada-pastviny.cz\/wp-content\/uploads\/2024\/03\/odemykani-prehrady-pastviny-2024.jpg 510w, https:\/\/prehrada-pastviny.cz\/wp-content\/uploads\/2024\/03\/odemykani-prehrady-pastviny-2024-213x300.jpg 213w\" sizes=\"(max-width: 510px) 100vw, 510px\" \/>","_links":{"self":[{"href":"https:\/\/prehrada-pastviny.cz\/cs\/wp-json\/wp\/v2\/posts\/3508","targetHints":{"allow":["GET"]}}],"collection":[{"href":"https:\/\/prehrada-pastviny.cz\/cs\/wp-json\/wp\/v2\/posts"}],"about":[{"href":"https:\/\/prehrada-pastviny.cz\/cs\/wp-json\/wp\/v2\/types\/post"}],"author":[{"embeddable":true,"href":"https:\/\/prehrada-pastviny.cz\/cs\/wp-json\/wp\/v2\/users\/6"}],"replies":[{"embeddable":true,"href":"https:\/\/prehrada-pastviny.cz\/cs\/wp-json\/wp\/v2\/comments?post=3508"}],"version-history":[{"count":7,"href":"https:\/\/prehrada-pastviny.cz\/cs\/wp-json\/wp\/v2\/posts\/3508\/revisions"}],"predecessor-version":[{"id":3515,"href":"https:\/\/prehrada-pastviny.cz\/cs\/wp-json\/wp\/v2\/posts\/3508\/revisions\/3515"}],"wp:featuredmedia":[{"embeddable":true,"href":"https:\/\/prehrada-pastviny.cz\/cs\/wp-json\/wp\/v2\/media\/3507"}],"wp:attachment":[{"href":"https:\/\/prehrada-pastviny.cz\/cs\/wp-json\/wp\/v2\/media?parent=3508"}],"wp:term":[{"taxonomy":"category","embeddable":true,"href":"https:\/\/prehrada-pastviny.cz\/cs\/wp-json\/wp\/v2\/categories?post=3508"},{"taxonomy":"post_tag","embeddable":true,"href":"https:\/\/prehrada-pastviny.cz\/cs\/wp-json\/wp\/v2\/tags?post=3508"},{"taxonomy":"doprava","embeddable":true,"href":"https:\/\/prehrada-pastviny.cz\/cs\/wp-json\/wp\/v2\/doprava?post=3508"}],"curies":[{"name":"wp","href":"https:\/\/api.w.org\/{rel}","templated":true}]}}