{"id":3643,"date":"2026-02-25T10:44:07","date_gmt":"2026-02-25T09:44:07","guid":{"rendered":"https:\/\/prehrada-pastviny.cz\/cs\/uplna-uzavirka-mezi-klastercem-n-o-a-pastvinami\/"},"modified":"2026-02-25T10:44:07","modified_gmt":"2026-02-25T09:44:07","slug":"uplna-uzavirka-mezi-klastercem-n-o-a-pastvinami","status":"publish","type":"post","link":"https:\/\/prehrada-pastviny.cz\/cs\/uplna-uzavirka-mezi-klastercem-n-o-a-pastvinami\/","title":{"rendered":"\u00dapln\u00e1 uzav\u00edrka mezi Kl\u00e1\u0161tercem n. O. a Pastvinami"},"content":{"rendered":"<div>\n<p class=\"-wm-MsoNormal\"><span>V\u00e1\u017een\u00ed ob\u010dan\u00e9,<\/span><\/p>\n<\/div>\n<div>\n<p class=\"-wm-MsoNormal\"><span>s p\u0159edpokl\u00e1dan\u00fdm term\u00ednem od 16. 3. 2026 bude zah\u00e1jena \u00fapln\u00e1 uzav\u00edrka silnice mezi Kl\u00e1\u0161tercem a Pastvinami. V souvislosti s t\u00edm bude nutn\u00e9 vydat v\u00fdlukov\u00fd j\u00edzdn\u00ed \u0159\u00e1d linek 700971 a 700980. P\u0159ikl\u00e1d\u00e1me zde j\u00edzdn\u00ed \u0159\u00e1dy ke sta\u017een\u00ed:\u00a0<a href=\"https:\/\/www.obecpastviny.cz\/file.php?nid=13793&amp;oid=13185815\">lV_0700980.pdf<\/a>\u00a0<a href=\"https:\/\/www.obecpastviny.cz\/file.php?nid=13793&amp;oid=13185818\">lV_0700971.pdf<\/a><\/span><\/p>\n<\/div>\n<div>\n<p class=\"-wm-MsoNormal\"><span>\u0158e\u0161en\u00ed bude velmi podobn\u00e9 lo\u0148sk\u00e9mu roku, nicm\u00e9n\u011b u n\u011bkolika m\u00e1lo spoj\u016f jsou odli\u0161nosti, a to vzhledem k soub\u011bhu s uzav\u00edrkou II\/310 Lukavice &#8211; \u017damberk.<\/span><\/p>\n<\/div>\n<div>\n<p class=\"-wm-MsoNormal\"><span>\u00a0<\/span><\/p>\n<p class=\"-wm-MsoNormal\">\u00a0<\/p>\n<\/div>\n<div>\n<p class=\"-wm-MsoNormal\"><strong><span>Hlavn\u00ed rozd\u00edly oproti lo\u0148sku:<\/span><\/strong><span><\/span><\/p>\n<\/div>\n<div>\n<p class=\"-wm-MsoNormal\"><span>Nepojede spoj Pastviny 17:53 &#8211; Letohrad 18:20<\/span><\/p>\n<\/div>\n<div>\n<p class=\"-wm-MsoNormal\"><span>Spoj ve 20:32 ze \u017damberka pojede v pracovn\u00ed dny p\u0159es Kl\u00e1\u0161terec<\/span><\/p>\n<\/div>\n<div>\n<p class=\"-wm-MsoNormal\"><span>Z Kl\u00e1\u0161terce do \u017damberka pojedou nov\u00e9 spoje ve 12:10 a v 18:10<\/span><\/p>\n<\/div>\n<div>\n<p class=\"-wm-MsoNormal\"><span>Spoje v 10:10 a v 16:35 z Letohradu pojedou a\u017e do Kl\u00e1\u0161terce (loni jezdily pouze na Pastviny)<\/span><\/p>\n<\/div>\n<div>\n<p class=\"-wm-MsoNormal\"><span>\u00a0<\/span><\/p>\n<\/div>\n<div>\n<p class=\"-wm-MsoNormal\"><strong><span>Zast\u00e1vka Kl\u00e1\u0161terec nad Orlic\u00ed &#8211; \u0161kola bude po dobu uzav\u00edrky to\u010dny p\u0159esunuta k hasi\u010d\u00e1rn\u011b, kde bude prob\u00edhat ot\u00e1\u010den\u00ed autobus\u016f.<\/span><\/strong><\/p>\n<\/div>","protected":false},"excerpt":{"rendered":"<p>V\u00e1\u017een\u00ed ob\u010dan\u00e9, s p\u0159edpokl\u00e1dan\u00fdm term\u00ednem od 16. 3. 2026 bude zah\u00e1jena \u00fapln\u00e1 uzav\u00edrka silnice mezi Kl\u00e1\u0161tercem a Pastvinami. V souvislosti s t\u00edm bude nutn\u00e9 vydat v\u00fdlukov\u00fd j\u00edzdn\u00ed \u0159\u00e1d linek 700971 a 700980. P\u0159ikl\u00e1d\u00e1me zde j\u00edzdn\u00ed \u0159\u00e1dy ke sta\u017een\u00ed:\u00a0lV_0700980.pdf\u00a0lV_0700971.pdf \u0158e\u0161en\u00ed bude velmi podobn\u00e9 lo\u0148sk\u00e9mu roku, nicm\u00e9n\u011b u n\u011bkolika m\u00e1lo spoj\u016f jsou odli\u0161nosti, a to vzhledem k [&hellip;]<\/p>\n","protected":false},"author":1,"featured_media":0,"comment_status":"","ping_status":"","sticky":false,"template":"","format":"standard","meta":{"_acf_changed":false,"footnotes":""},"categories":[1],"tags":[],"doprava":[],"class_list":["post-3643","post","type-post","status-publish","format-standard","hentry","category-nezarazene","has-post-title","has-post-date","has-post-category","has-post-tag","has-post-comment","has-post-author",""],"acf":[],"yoast_head":"<!-- This site is optimized with the Yoast SEO plugin v27.4 - https:\/\/yoast.com\/product\/yoast-seo-wordpress\/ -->\n<title>\u00dapln\u00e1 uzav\u00edrka mezi Kl\u00e1\u0161tercem n. O. a Pastvinami | P\u0159ehrada Pastviny<\/title>\n<meta name=\"robots\" content=\"index, follow, max-snippet:-1, max-image-preview:large, max-video-preview:-1\" \/>\n<link rel=\"canonical\" href=\"https:\/\/prehrada-pastviny.cz\/cs\/uplna-uzavirka-mezi-klastercem-n-o-a-pastvinami\/\" \/>\n<meta property=\"og:locale\" content=\"cs_CZ\" \/>\n<meta property=\"og:type\" content=\"article\" \/>\n<meta property=\"og:title\" content=\"\u00dapln\u00e1 uzav\u00edrka mezi Kl\u00e1\u0161tercem n. O. a Pastvinami | P\u0159ehrada Pastviny\" \/>\n<meta property=\"og:description\" content=\"V\u00e1\u017een\u00ed ob\u010dan\u00e9, s p\u0159edpokl\u00e1dan\u00fdm term\u00ednem od 16. 3. 2026 bude zah\u00e1jena \u00fapln\u00e1 uzav\u00edrka silnice mezi Kl\u00e1\u0161tercem a Pastvinami. V souvislosti s t\u00edm bude nutn\u00e9 vydat v\u00fdlukov\u00fd j\u00edzdn\u00ed \u0159\u00e1d linek 700971 a 700980. P\u0159ikl\u00e1d\u00e1me zde j\u00edzdn\u00ed \u0159\u00e1dy ke sta\u017een\u00ed:\u00a0lV_0700980.pdf\u00a0lV_0700971.pdf \u0158e\u0161en\u00ed bude velmi podobn\u00e9 lo\u0148sk\u00e9mu roku, nicm\u00e9n\u011b u n\u011bkolika m\u00e1lo spoj\u016f jsou odli\u0161nosti, a to vzhledem k [&hellip;]\" \/>\n<meta property=\"og:url\" content=\"https:\/\/prehrada-pastviny.cz\/cs\/uplna-uzavirka-mezi-klastercem-n-o-a-pastvinami\/\" \/>\n<meta property=\"og:site_name\" content=\"P\u0159ehrada Pastviny\" \/>\n<meta property=\"article:publisher\" content=\"https:\/\/www.facebook.com\/pastviny\" \/>\n<meta property=\"article:published_time\" content=\"2026-02-25T09:44:07+00:00\" \/>\n<meta property=\"og:image\" content=\"https:\/\/prehrada-pastviny.cz\/wp-content\/uploads\/2023\/04\/preharda-pastviny-leto.jpg\" \/>\n\t<meta property=\"og:image:width\" content=\"1334\" \/>\n\t<meta property=\"og:image:height\" content=\"750\" \/>\n\t<meta property=\"og:image:type\" content=\"image\/jpeg\" \/>\n<meta name=\"author\" content=\"Pastviny\" \/>\n<meta name=\"twitter:card\" content=\"summary_large_image\" \/>\n<meta name=\"twitter:label1\" content=\"Napsal(a)\" \/>\n\t<meta name=\"twitter:data1\" content=\"Pastviny\" \/>\n\t<meta name=\"twitter:label2\" content=\"Odhadovan\u00e1 doba \u010dten\u00ed\" \/>\n\t<meta name=\"twitter:data2\" content=\"1 minuta\" \/>\n<script type=\"application\/ld+json\" class=\"yoast-schema-graph\">{\"@context\":\"https:\\\/\\\/schema.org\",\"@graph\":[{\"@type\":\"Article\",\"@id\":\"https:\\\/\\\/prehrada-pastviny.cz\\\/cs\\\/uplna-uzavirka-mezi-klastercem-n-o-a-pastvinami\\\/#article\",\"isPartOf\":{\"@id\":\"https:\\\/\\\/prehrada-pastviny.cz\\\/cs\\\/uplna-uzavirka-mezi-klastercem-n-o-a-pastvinami\\\/\"},\"author\":{\"name\":\"Pastviny\",\"@id\":\"https:\\\/\\\/prehrada-pastviny.cz\\\/cs\\\/#\\\/schema\\\/person\\\/2b6eb9cef66e282429eac65610d418f4\"},\"headline\":\"\u00dapln\u00e1 uzav\u00edrka mezi Kl\u00e1\u0161tercem n. O. a Pastvinami\",\"datePublished\":\"2026-02-25T09:44:07+00:00\",\"mainEntityOfPage\":{\"@id\":\"https:\\\/\\\/prehrada-pastviny.cz\\\/cs\\\/uplna-uzavirka-mezi-klastercem-n-o-a-pastvinami\\\/\"},\"wordCount\":174,\"inLanguage\":\"cs\"},{\"@type\":\"WebPage\",\"@id\":\"https:\\\/\\\/prehrada-pastviny.cz\\\/cs\\\/uplna-uzavirka-mezi-klastercem-n-o-a-pastvinami\\\/\",\"url\":\"https:\\\/\\\/prehrada-pastviny.cz\\\/cs\\\/uplna-uzavirka-mezi-klastercem-n-o-a-pastvinami\\\/\",\"name\":\"\u00dapln\u00e1 uzav\u00edrka mezi Kl\u00e1\u0161tercem n. O. a Pastvinami | P\u0159ehrada Pastviny\",\"isPartOf\":{\"@id\":\"https:\\\/\\\/prehrada-pastviny.cz\\\/cs\\\/#website\"},\"datePublished\":\"2026-02-25T09:44:07+00:00\",\"author\":{\"@id\":\"https:\\\/\\\/prehrada-pastviny.cz\\\/cs\\\/#\\\/schema\\\/person\\\/2b6eb9cef66e282429eac65610d418f4\"},\"breadcrumb\":{\"@id\":\"https:\\\/\\\/prehrada-pastviny.cz\\\/cs\\\/uplna-uzavirka-mezi-klastercem-n-o-a-pastvinami\\\/#breadcrumb\"},\"inLanguage\":\"cs\",\"potentialAction\":[{\"@type\":\"ReadAction\",\"target\":[\"https:\\\/\\\/prehrada-pastviny.cz\\\/cs\\\/uplna-uzavirka-mezi-klastercem-n-o-a-pastvinami\\\/\"]}]},{\"@type\":\"BreadcrumbList\",\"@id\":\"https:\\\/\\\/prehrada-pastviny.cz\\\/cs\\\/uplna-uzavirka-mezi-klastercem-n-o-a-pastvinami\\\/#breadcrumb\",\"itemListElement\":[{\"@type\":\"ListItem\",\"position\":1,\"name\":\"Dom\u016f\",\"item\":\"https:\\\/\\\/prehrada-pastviny.cz\\\/cs\\\/\"},{\"@type\":\"ListItem\",\"position\":2,\"name\":\"\u00dapln\u00e1 uzav\u00edrka mezi Kl\u00e1\u0161tercem n. O. a Pastvinami\"}]},{\"@type\":\"WebSite\",\"@id\":\"https:\\\/\\\/prehrada-pastviny.cz\\\/cs\\\/#website\",\"url\":\"https:\\\/\\\/prehrada-pastviny.cz\\\/cs\\\/\",\"name\":\"P\u0159ehrada Pastviny\",\"description\":\"Pastvinsk\u00e1 P\u0159ehrada\",\"alternateName\":\"Pastvinsk\u00e1 p\u0159ehrada\",\"potentialAction\":[{\"@type\":\"SearchAction\",\"target\":{\"@type\":\"EntryPoint\",\"urlTemplate\":\"https:\\\/\\\/prehrada-pastviny.cz\\\/cs\\\/?s={search_term_string}\"},\"query-input\":{\"@type\":\"PropertyValueSpecification\",\"valueRequired\":true,\"valueName\":\"search_term_string\"}}],\"inLanguage\":\"cs\"},{\"@type\":\"Person\",\"@id\":\"https:\\\/\\\/prehrada-pastviny.cz\\\/cs\\\/#\\\/schema\\\/person\\\/2b6eb9cef66e282429eac65610d418f4\",\"name\":\"Pastviny\",\"image\":{\"@type\":\"ImageObject\",\"inLanguage\":\"cs\",\"@id\":\"https:\\\/\\\/secure.gravatar.com\\\/avatar\\\/8e12bbc781f8319ea973f05d53f49003240147986038ed2d6109aa077b02f7ad?s=96&d=mm&r=g\",\"url\":\"https:\\\/\\\/secure.gravatar.com\\\/avatar\\\/8e12bbc781f8319ea973f05d53f49003240147986038ed2d6109aa077b02f7ad?s=96&d=mm&r=g\",\"contentUrl\":\"https:\\\/\\\/secure.gravatar.com\\\/avatar\\\/8e12bbc781f8319ea973f05d53f49003240147986038ed2d6109aa077b02f7ad?s=96&d=mm&r=g\",\"caption\":\"Pastviny\"},\"sameAs\":[\"http:\\\/\\\/new.prehrada-pastviny.cz\"],\"url\":\"https:\\\/\\\/prehrada-pastviny.cz\\\/cs\\\/author\\\/pastviny\\\/\"}]}<\/script>\n<!-- \/ Yoast SEO plugin. -->","yoast_head_json":{"title":"\u00dapln\u00e1 uzav\u00edrka mezi Kl\u00e1\u0161tercem n. O. a Pastvinami | P\u0159ehrada Pastviny","robots":{"index":"index","follow":"follow","max-snippet":"max-snippet:-1","max-image-preview":"max-image-preview:large","max-video-preview":"max-video-preview:-1"},"canonical":"https:\/\/prehrada-pastviny.cz\/cs\/uplna-uzavirka-mezi-klastercem-n-o-a-pastvinami\/","og_locale":"cs_CZ","og_type":"article","og_title":"\u00dapln\u00e1 uzav\u00edrka mezi Kl\u00e1\u0161tercem n. O. a Pastvinami | P\u0159ehrada Pastviny","og_description":"V\u00e1\u017een\u00ed ob\u010dan\u00e9, s p\u0159edpokl\u00e1dan\u00fdm term\u00ednem od 16. 3. 2026 bude zah\u00e1jena \u00fapln\u00e1 uzav\u00edrka silnice mezi Kl\u00e1\u0161tercem a Pastvinami. V souvislosti s t\u00edm bude nutn\u00e9 vydat v\u00fdlukov\u00fd j\u00edzdn\u00ed \u0159\u00e1d linek 700971 a 700980. P\u0159ikl\u00e1d\u00e1me zde j\u00edzdn\u00ed \u0159\u00e1dy ke sta\u017een\u00ed:\u00a0lV_0700980.pdf\u00a0lV_0700971.pdf \u0158e\u0161en\u00ed bude velmi podobn\u00e9 lo\u0148sk\u00e9mu roku, nicm\u00e9n\u011b u n\u011bkolika m\u00e1lo spoj\u016f jsou odli\u0161nosti, a to vzhledem k [&hellip;]","og_url":"https:\/\/prehrada-pastviny.cz\/cs\/uplna-uzavirka-mezi-klastercem-n-o-a-pastvinami\/","og_site_name":"P\u0159ehrada Pastviny","article_publisher":"https:\/\/www.facebook.com\/pastviny","article_published_time":"2026-02-25T09:44:07+00:00","og_image":[{"width":1334,"height":750,"url":"https:\/\/prehrada-pastviny.cz\/wp-content\/uploads\/2023\/04\/preharda-pastviny-leto.jpg","type":"image\/jpeg"}],"author":"Pastviny","twitter_card":"summary_large_image","twitter_misc":{"Napsal(a)":"Pastviny","Odhadovan\u00e1 doba \u010dten\u00ed":"1 minuta"},"schema":{"@context":"https:\/\/schema.org","@graph":[{"@type":"Article","@id":"https:\/\/prehrada-pastviny.cz\/cs\/uplna-uzavirka-mezi-klastercem-n-o-a-pastvinami\/#article","isPartOf":{"@id":"https:\/\/prehrada-pastviny.cz\/cs\/uplna-uzavirka-mezi-klastercem-n-o-a-pastvinami\/"},"author":{"name":"Pastviny","@id":"https:\/\/prehrada-pastviny.cz\/cs\/#\/schema\/person\/2b6eb9cef66e282429eac65610d418f4"},"headline":"\u00dapln\u00e1 uzav\u00edrka mezi Kl\u00e1\u0161tercem n. O. a Pastvinami","datePublished":"2026-02-25T09:44:07+00:00","mainEntityOfPage":{"@id":"https:\/\/prehrada-pastviny.cz\/cs\/uplna-uzavirka-mezi-klastercem-n-o-a-pastvinami\/"},"wordCount":174,"inLanguage":"cs"},{"@type":"WebPage","@id":"https:\/\/prehrada-pastviny.cz\/cs\/uplna-uzavirka-mezi-klastercem-n-o-a-pastvinami\/","url":"https:\/\/prehrada-pastviny.cz\/cs\/uplna-uzavirka-mezi-klastercem-n-o-a-pastvinami\/","name":"\u00dapln\u00e1 uzav\u00edrka mezi Kl\u00e1\u0161tercem n. O. a Pastvinami | P\u0159ehrada Pastviny","isPartOf":{"@id":"https:\/\/prehrada-pastviny.cz\/cs\/#website"},"datePublished":"2026-02-25T09:44:07+00:00","author":{"@id":"https:\/\/prehrada-pastviny.cz\/cs\/#\/schema\/person\/2b6eb9cef66e282429eac65610d418f4"},"breadcrumb":{"@id":"https:\/\/prehrada-pastviny.cz\/cs\/uplna-uzavirka-mezi-klastercem-n-o-a-pastvinami\/#breadcrumb"},"inLanguage":"cs","potentialAction":[{"@type":"ReadAction","target":["https:\/\/prehrada-pastviny.cz\/cs\/uplna-uzavirka-mezi-klastercem-n-o-a-pastvinami\/"]}]},{"@type":"BreadcrumbList","@id":"https:\/\/prehrada-pastviny.cz\/cs\/uplna-uzavirka-mezi-klastercem-n-o-a-pastvinami\/#breadcrumb","itemListElement":[{"@type":"ListItem","position":1,"name":"Dom\u016f","item":"https:\/\/prehrada-pastviny.cz\/cs\/"},{"@type":"ListItem","position":2,"name":"\u00dapln\u00e1 uzav\u00edrka mezi Kl\u00e1\u0161tercem n. O. a Pastvinami"}]},{"@type":"WebSite","@id":"https:\/\/prehrada-pastviny.cz\/cs\/#website","url":"https:\/\/prehrada-pastviny.cz\/cs\/","name":"P\u0159ehrada Pastviny","description":"Pastvinsk\u00e1 P\u0159ehrada","alternateName":"Pastvinsk\u00e1 p\u0159ehrada","potentialAction":[{"@type":"SearchAction","target":{"@type":"EntryPoint","urlTemplate":"https:\/\/prehrada-pastviny.cz\/cs\/?s={search_term_string}"},"query-input":{"@type":"PropertyValueSpecification","valueRequired":true,"valueName":"search_term_string"}}],"inLanguage":"cs"},{"@type":"Person","@id":"https:\/\/prehrada-pastviny.cz\/cs\/#\/schema\/person\/2b6eb9cef66e282429eac65610d418f4","name":"Pastviny","image":{"@type":"ImageObject","inLanguage":"cs","@id":"https:\/\/secure.gravatar.com\/avatar\/8e12bbc781f8319ea973f05d53f49003240147986038ed2d6109aa077b02f7ad?s=96&d=mm&r=g","url":"https:\/\/secure.gravatar.com\/avatar\/8e12bbc781f8319ea973f05d53f49003240147986038ed2d6109aa077b02f7ad?s=96&d=mm&r=g","contentUrl":"https:\/\/secure.gravatar.com\/avatar\/8e12bbc781f8319ea973f05d53f49003240147986038ed2d6109aa077b02f7ad?s=96&d=mm&r=g","caption":"Pastviny"},"sameAs":["http:\/\/new.prehrada-pastviny.cz"],"url":"https:\/\/prehrada-pastviny.cz\/cs\/author\/pastviny\/"}]}},"builder_content":"","_links":{"self":[{"href":"https:\/\/prehrada-pastviny.cz\/cs\/wp-json\/wp\/v2\/posts\/3643","targetHints":{"allow":["GET"]}}],"collection":[{"href":"https:\/\/prehrada-pastviny.cz\/cs\/wp-json\/wp\/v2\/posts"}],"about":[{"href":"https:\/\/prehrada-pastviny.cz\/cs\/wp-json\/wp\/v2\/types\/post"}],"author":[{"embeddable":true,"href":"https:\/\/prehrada-pastviny.cz\/cs\/wp-json\/wp\/v2\/users\/1"}],"replies":[{"embeddable":true,"href":"https:\/\/prehrada-pastviny.cz\/cs\/wp-json\/wp\/v2\/comments?post=3643"}],"version-history":[{"count":0,"href":"https:\/\/prehrada-pastviny.cz\/cs\/wp-json\/wp\/v2\/posts\/3643\/revisions"}],"wp:attachment":[{"href":"https:\/\/prehrada-pastviny.cz\/cs\/wp-json\/wp\/v2\/media?parent=3643"}],"wp:term":[{"taxonomy":"category","embeddable":true,"href":"https:\/\/prehrada-pastviny.cz\/cs\/wp-json\/wp\/v2\/categories?post=3643"},{"taxonomy":"post_tag","embeddable":true,"href":"https:\/\/prehrada-pastviny.cz\/cs\/wp-json\/wp\/v2\/tags?post=3643"},{"taxonomy":"doprava","embeddable":true,"href":"https:\/\/prehrada-pastviny.cz\/cs\/wp-json\/wp\/v2\/doprava?post=3643"}],"curies":[{"name":"wp","href":"https:\/\/api.w.org\/{rel}","templated":true}]}}